{"id":5952,"date":"2026-08-31T13:53:38","date_gmt":"2026-08-31T13:53:38","guid":{"rendered":"https:\/\/croatialovers.com\/besoka-katedralen-saint-laurent-i-trogir\/"},"modified":"2026-08-31T14:01:09","modified_gmt":"2026-08-31T14:01:09","slug":"besoka-katedralen-sankt-laurentius-trogir","status":"publish","type":"post","link":"https:\/\/croatialovers.com\/sv\/besoka-katedralen-sankt-laurentius-trogir\/","title":{"rendered":"Sankt-Laurentius-katedralen (Trogir): bes\u00f6k + bilder"},"content":{"rendered":"\n<p class=\"wp-block-paragraph\">Sankt Laurentius-katedralen i Trogir \u00e4r det mest imponerande monumentet i denna <strong>gamla stad<\/strong>, som \u00e4r upptagen p\u00e5 <strong>UNESCO:s v\u00e4rldsarvslista<\/strong>. Denna katolska basilika med tre skepp f\u00f6renar p\u00e5 ett harmoniskt s\u00e4tt den <strong>romanska<\/strong> och den <strong>gotiska<\/strong> stilen och utg\u00f6r ett enast\u00e5ende vittnesb\u00f6rd om regionens arkitektoniska historia. <\/p>\n\n<p class=\"wp-block-paragraph\">I den h\u00e4r artikeln delar vi med oss av v\u00e5ra <strong>praktiska tips i bildform<\/strong> f\u00f6r att hj\u00e4lpa dig att f\u00f6rbereda ditt bes\u00f6k och f\u00e5 ut det mesta av denna historierika plats.<\/p>\n\n<figure class=\"wp-block-image size-full\"><img decoding=\"async\" src=\"https:\/\/croatialovers.com\/wp-content\/uploads\/2026\/08\/besok-katedral-saint-laurent-trogir.jpeg\" alt=\"bes&#xF6;ka Sankt Laurentius-katedralen i Trogir\" class=\"wp-image-5920\"\/><\/figure>\n\n<p class=\"wp-block-paragraph\">Detta \u00e4r en helt <strong>oberoende<\/strong> \u00e5sikt, baserad p\u00e5 v\u00e5r egen erfarenhet. Vi gjorde v\u00e5ra egna val, bes\u00f6kte regionen anonymt och betalade v\u00e5ra r\u00e4kningar till fullo.<\/p>\n\n<h2 class=\"wp-block-heading\">Varf\u00f6r bes\u00f6ka Sankt Laurentius-katedralen i Trogir<\/h2>\n\n<h3 class=\"wp-block-heading\">\u00c4r det v\u00e4rt att bes\u00f6ka Sankt Laurentius-katedralen i Trogir? V\u00e5r \u00e5sikt: <\/h3>\n\n<p class=\"wp-block-paragraph\">Ja, Sankt Laurentius-katedralen \u00e4r v\u00e4l v\u00e4rd ett bes\u00f6k. Dess <strong>romanska portal, skapad av m\u00e4staren Radovan<\/strong>, och <strong>Sankt Johannes-kapellet<\/strong> ger en enast\u00e5ende inblick i medeltida religi\u00f6s konst, medan kl\u00e4ttringen upp i klocktornet bjuder p\u00e5 <strong>panoramautsikt<\/strong> \u00f6ver gamla stan och dess omgivningar. Det \u00e4r en av Trogirs absoluta h\u00f6jdpunkter.  <\/p>\n\n<figure class=\"wp-block-image size-large\"><img decoding=\"async\" src=\"https:\/\/res.cloudinary.com\/dr1k3muv9\/image\/upload\/e_enhance\/e_improve:outdoor:50\/e_contrast:level_35;type_sigmoidal\/e_vibrance:8\/e_saturation:8\/e_sharpen:15\/f_auto\/c_limit,f_webp,q_auto:best,w_800\/fl_layer_apply,g_south_east,l_logomark_croatia,o_90,w_60,x_0,y_0\/v1788169990\/Cathedrale-Saint-Laurent-de-Trogir-FF9.webp\" alt=\"Detaljer huggena i sten fr&#xE5;n en port till en kyrka eller ett religi&#xF6;st museum\"\/><\/figure>\n\n<h3 class=\"wp-block-heading\">Varf\u00f6r \u00e4r Sankt Laurentius-katedralen i Trogir k\u00e4nd?<\/h3>\n\n<p class=\"wp-block-paragraph\">Saint-Laurent-katedralen \u00e4r k\u00e4nd f\u00f6r sin <strong>v\u00e4stra portal<\/strong>, som f\u00e4rdigst\u00e4lldes omkring 1240 av m\u00e4staren Radovan. Portalen, som \u00e4r ett m\u00e4sterverk inom den <strong>romanska skulpturkonsten<\/strong> i Kroatien, pryds av bibliska scener och djurmotiv som \u00e4r fint utmejslade och vittnar om ett enast\u00e5ende hantverkskunnande. <\/p>\n\n<p class=\"wp-block-paragraph\">Arkitektoniskt sett \u00e4r katedralen ett exempel p\u00e5 en <strong>medeltida blandning<\/strong> av den romanska stilen, som syns i dess massiva struktur, och den gotiska stilen, som m\u00e4rks i dess valv och det slanka klocktornet. Denna kombination speglar utvecklingen av de konstn\u00e4rliga str\u00f6mningarna mellan 1100- och 1400-talet. <\/p>\n\n<figure class=\"wp-block-image size-large\"><img decoding=\"async\" src=\"https:\/\/res.cloudinary.com\/dr1k3muv9\/image\/upload\/e_enhance\/e_improve:outdoor:50\/e_contrast:level_35;type_sigmoidal\/e_vibrance:8\/e_saturation:8\/e_sharpen:15\/f_auto\/c_limit,f_webp,q_auto:best,w_800\/fl_layer_apply,g_south_east,l_logomark_croatia,o_90,w_60,x_0,y_0\/v1788169996\/Cathedrale-Saint-Laurent-de-Trogir-7UG.webp\" alt=\"Den snidade ing&#xE5;ngen till Mus&#xE9;e des Arts Sacr&#xE9;s\"\/><\/figure>\n\n<p class=\"wp-block-paragraph\">Katedralen, som ligger mitt i <strong>Trogirs historiska stadsk\u00e4rna<\/strong>, framst\u00e5r som ett imponerande monument som pr\u00e4glar gamla stan. Dess n\u00e4rvaro bidrar i h\u00f6g grad till det kulturhistoriska v\u00e4rdet som har gjort att Trogir har upptagits p\u00e5 <strong>UNESCO:s v\u00e4rldsarvslista<\/strong>. <\/p>\n\n<figure class=\"wp-block-image size-large\"><img decoding=\"async\" src=\"https:\/\/res.cloudinary.com\/dr1k3muv9\/image\/upload\/e_enhance\/e_improve:outdoor:50\/e_contrast:level_35;type_sigmoidal\/e_vibrance:8\/e_saturation:8\/e_sharpen:15\/f_auto\/c_limit,f_webp,q_auto:best,w_800\/fl_layer_apply,g_south_east,l_logomark_croatia,o_90,w_60,x_0,y_0\/v1788170001\/Trogir-Lieu-SYM.webp\" alt=\"Panoramautsikt &#xF6;ver gamla stan och hamnen\"\/><\/figure>\n\n<h3 class=\"wp-block-heading\">V\u00e5ra favorit\u00f6gonblick<\/h3>\n\n<ul class=\"wp-block-list\">\n<li>En noggrann betraktelse av m\u00e4stare Radovans <strong>snidade port<\/strong>, d\u00e4r varje detalj ber\u00e4ttar en biblisk historia i rikligt utsmyckad form,<\/li>\n\n\n\n<li>Den sl\u00e5ende kontrasten mellan det livliga myllret p\u00e5 torget framf\u00f6r katedralen och den <strong>rogivande stillheten<\/strong> i kapellen inuti,<\/li>\n\n\n\n<li>Trots den smala trappan \u00e4r kl\u00e4ttringen upp till klocktornet v\u00e4l v\u00e4rd besv\u00e4ret, eftersom den bel\u00f6nas med en <strong>enast\u00e5ende utsikt<\/strong> \u00f6ver Trogirs taklandskap och Adriatiska havet,<\/li>\n\n\n\n<li>Ett \u00f6gonblick som stannar upp p\u00e5 en stenbelagd terrass, omgiven av kolonner, med en fantastisk utsikt \u00f6ver de <strong>gamla hustaken<\/strong> och den tidl\u00f6sa atmosf\u00e4ren i gamla stan.<\/li>\n<\/ul>\n\n<h2 class=\"wp-block-heading\">V\u00e4gbeskrivning: Sankt Laurentius-katedralen i Trogir, Trogir<\/h2>\n\n<h3 class=\"wp-block-heading\">Var ligger Sankt Laurentius-katedralen i Trogir?<\/h3>\n\n<ul class=\"wp-block-list\">\n<li>Bel\u00e4get p\u00e5 huvudtorget, Trg Ivana Pavla II, i hj\u00e4rtat av Trogirs gamla stadsk\u00e4rna<\/li>\n\n\n\n<li>I den historiska stadsk\u00e4rnan, som \u00e4r upptagen p\u00e5 UNESCO:s v\u00e4rldsarvslista<\/li>\n\n\n\n<li>Alldeles i n\u00e4rheten av hamnen och de medeltida stadsmurarna<\/li>\n\n\n\n<li>L\u00e4tt att hitta fr\u00e5n de stenlagda gr\u00e4nderna och torgarna i n\u00e4rheten<\/li>\n<\/ul>\n\n<h3 class=\"wp-block-heading\">Hur tar jag mig dit?<\/h3>\n\n<p class=\"wp-block-paragraph\"><strong>Trogirs<\/strong> gamla stad \u00e4r helt bilfri, vilket g\u00f6r att man absolut b\u00f6r utforska den till fots. Du kan ta dig till <strong>Trogir<\/strong> med buss eller b\u00e5t fr\u00e5n <strong>Split och<\/strong> sedan enkelt ta dig till katedralen genom de stenlagda gr\u00e4nderna i den historiska stadsk\u00e4rnan. <\/p>\n\n<h3 class=\"wp-block-heading\">Parkeringsplats<\/h3>\n\n<p class=\"wp-block-paragraph\">Det finns en avgiftsbelagd parkering utanf\u00f6r gamla stan, en kort promenad fr\u00e5n katedralen.<\/p>\n\n<figure class=\"wp-block-image size-large\"><img decoding=\"async\" src=\"https:\/\/res.cloudinary.com\/dr1k3muv9\/image\/upload\/e_enhance\/e_improve:outdoor:50\/e_contrast:level_35;type_sigmoidal\/e_vibrance:8\/e_saturation:8\/e_sharpen:15\/f_auto\/c_limit,f_webp,q_auto:best,w_800\/fl_layer_apply,g_south_east,l_logomark_croatia,o_90,w_60,x_0,y_0\/v1783440833\/Cathedrale-Saint-Laurent-de-Trogir-S0C.webp\" alt=\"Place de la Cath&#xE9;drale\"\/><\/figure>\n\n<div class=\"wp-block-genesis-blocks-gb-container box gb-block-container\" style=\"background-color:#f3dbd6;margin-top:8%;margin-bottom:8%\"><div class=\"gb-container-inside\"><div class=\"gb-container-content\">\n<div class=\"wp-block-columns inverse box_planif is-layout-flex wp-container-core-columns-is-layout-8f761849 wp-block-columns-is-layout-flex\">\n<div class=\"wp-block-column texte_planif is-layout-flow wp-block-column-is-layout-flow\" style=\"flex-basis:58%\">\n<h5 class=\"titre_box\">V\u00c5RA R\u00c5D F\u00d6R ATT HYRA BIL P\u00c5 <span class=\"titre_box_manuscrit\">\nKroatien<\/span><\/h5>\n\n\n\n<ul style=\"font-size:14px\" class=\"wp-block-list liste_voiture\">\n<li>J\u00e4mf\u00f6r priser p\u00e5 v\u00e5r f\u00f6redragna plattform: <a href=\"https:\/\/www.discovercars.com\/se\/croatia?a_aid=zigzag&amp;chan=croatia\" target=\"_blank\" rel=\"noreferrer noopener sponsored nofollow\">DiscoverCars<\/a> &#8211; en av de b\u00e4st rankade webbplatserna.<\/li>\n\n\n\n<li>V\u00e4lj en <strong>bil som \u00e4r tillr\u00e4ckligt kraftfull <\/strong>(v\u00e4garna \u00e4r branta) men tillr\u00e4ckligt <strong>kompakt<\/strong> (vissa passager \u00e4r smala).<\/li>\n\n\n\n<li>Det finns stor efterfr\u00e5gan, s\u00e5 <strong>boka tidigt<\/strong>.<\/li>\n<\/ul>\n<\/div>\n\n\n\n<div class=\"wp-block-column planif-radius-3 is-layout-flow wp-block-column-is-layout-flow\" style=\"flex-basis:42%\">\n<figure class=\"wp-block-image size-large is-resized\"><img decoding=\"async\" src=\"https:\/\/photos.smugmug.com\/Croatia\/Paklenica\/Rando-entr&#xE9;e-1\/i-Tzg4V6J\/0\/KXmXjZbtGwDbJrgcqktnpnrkcSSch3cnNBDJHcqWg\/S\/paklenica%20parc%20enter%201%20and%20hike-004-S.jpg\" alt=\"bil i Kroatien\" title=\"\"\/><\/figure>\n<\/div>\n<\/div>\n\n\n\n<div class=\"wp-block-columns planif_bouton is-layout-flex wp-container-core-columns-is-layout-8f761849 wp-block-columns-is-layout-flex\">\n<div class=\"wp-block-column is-layout-flow wp-block-column-is-layout-flow\" style=\"flex-basis:50%\">\n<div class=\"wp-block-buttons is-content-justification-center is-layout-flex wp-container-core-buttons-is-layout-fe48e5de wp-block-buttons-is-layout-flex\">\n<div class=\"wp-block-button\"><a class=\"wp-block-button__link has-white-color has-text-color has-custom-font-size wp-element-button\" href=\"https:\/\/www.discovercars.com\/se\/croatia?a_aid=zigzag&amp;chan=croatia\" style=\"border-radius:4px;font-size:14px\" target=\"_blank\" rel=\"noreferrer noopener nofollow\">Se bilarna<img decoding=\"async\" class=\"wp-image-2851\" style=\"width: 16px;\" src=\"https:\/\/provencelovers.fr\/wp-content\/uploads\/2023\/08\/ArrowRight.webp\" alt=\"\"\/><\/a><\/div>\n<\/div>\n<\/div>\n\n\n\n<div class=\"wp-block-column is-vertically-aligned-center is-layout-flow wp-block-column-is-layout-flow\" style=\"flex-basis:50%\">\n<p class=\"has-text-align-center wp-block-paragraph\" style=\"font-size:14px\"><strong>Se v\u00e5ra r\u00e5d<\/strong> (kommer snart)<\/p>\n<\/div>\n<\/div>\n<\/div><\/div><\/div>\n\n<h2 class=\"wp-block-heading\">Anv\u00e4ndbara tips: varaktighet, tidtabeller, \u00e4ta&#8230;<\/h2>\n\n<h3 class=\"wp-block-heading\">B\u00e4sta tiden att bes\u00f6ka<\/h3>\n\n<p class=\"wp-block-paragraph\">M\u00e5nga turister \u00e5ker till Trogir p\u00e5 en dagsutflykt fr\u00e5n Split.<br\/>V\u00e4lj att \u00e5ka tidigt p\u00e5 dagen eller sent p\u00e5 eftermiddagen f\u00f6r att undvika tr\u00e4ngsel.<\/p>\n\n<h3 class=\"wp-block-heading\">Bes\u00f6ksl\u00e4ngd och huvudsakliga sv\u00e5righeter<\/h3>\n\n<p class=\"wp-block-paragraph\">R\u00e4kna med att det tar mellan <strong>1 och 2 timmar<\/strong> att utforska Saint-Laurent-katedralen och dess olika utrymmen. Att ta sig upp i klocktornet via en <strong>brant och smal<\/strong> spiraltrappa kan vara sv\u00e5rt f\u00f6r personer med nedsatt r\u00f6rlighet. <\/p>\n\n<h3 class=\"wp-block-heading\">Bes\u00f6ksriktning<\/h3>\n\n<p class=\"wp-block-paragraph\">F\u00f6r att f\u00e5 en smidig rundtur b\u00f6rjar du vid M\u00e4stare Radovans <strong>v\u00e4stra port<\/strong> och utforskar sedan<strong>det treskeppiga interi\u00f6ren<\/strong>. Forts\u00e4tt sedan till <strong>Sankt Johannes-kapellet<\/strong> och skattkammaren, och avsluta med att kl\u00e4ttra upp i klocktornet. <\/p>\n\n<figure class=\"wp-block-image size-large\"><img decoding=\"async\" src=\"https:\/\/res.cloudinary.com\/dr1k3muv9\/image\/upload\/e_enhance\/e_improve:outdoor:50\/e_contrast:level_35;type_sigmoidal\/e_vibrance:8\/e_saturation:8\/e_sharpen:15\/f_auto\/c_limit,f_webp,q_auto:best,w_800\/fl_layer_apply,g_south_east,l_logomark_croatia,o_90,w_60,x_0,y_0\/v1788170010\/Trogir-Lieu-2Q4.webp\" alt=\"Klockor\"\/><\/figure>\n\n<h3 class=\"wp-block-heading\">Bes\u00f6k med barn<\/h3>\n\n<p class=\"wp-block-paragraph\">Vi har inte hittat n\u00e5gra s\u00e4rskilda aktiviteter f\u00f6r barn i <strong>Sankt Laurentius<\/strong> -katedralen i <strong>Trogir,<\/strong> s\u00e5som en <strong>aktivitetsbok<\/strong> eller en anpassad rundtur. Bes\u00f6ket fokuserar d\u00e4rf\u00f6r fr\u00e4mst p\u00e5 att besk\u00e5da kulturarvet f\u00f6r alla \u00e5ldrar. <\/p>\n\n<h3 class=\"wp-block-heading\">\u00d6ppettider och priser<\/h3>\n\n<ul class=\"wp-block-list\">\n<li><strong>\u00d6ppettider:<\/strong><br\/>M\u00e5ndag till l\u00f6rdag: kl. 08.00\u201316.00 f\u00f6r katedralen och tornet<br\/>kl. 08.00\u201315.30 f\u00f6r biljettf\u00f6rs\u00e4ljning och museet f\u00f6r sakral konst<\/li>\n\n\n\n<li><strong>Pris f\u00f6r vuxna:<\/strong><br\/>6 \u20ac endast katedralen<br\/>10 \u20ac (inklusive bes\u00f6k i klocktornet)<br\/>12 \u20ac inklusive klocktornet och samlingen av sakral konst<\/li>\n\n\n\n<li>Se de senaste nyheterna p\u00e5 den officiella webbplatsen <a href=\"https:\/\/www.visittrogir.hr\/en\/tourist\/attractions\/trogirs-cathedral-complex\" target=\"_blank\" rel=\"nofollow noopener\">h\u00e4r<\/a>.<\/li>\n<\/ul>\n\n<h3 class=\"wp-block-heading\">Guidade turer<\/h3>\n\n<p class=\"wp-block-paragraph\">Guidade turer ger m\u00f6jlighet att f\u00f6rdjupa sig i uppt\u00e4ckten av <strong>Saint-Laurent-katedralen,<\/strong> med f\u00f6rklaringar om dess arkitektur och medeltida historia.<\/p>\n\n<div style=\"background-color:#fefefe;margin-top:6%;margin-bottom:6%\" class=\"wp-block-genesis-blocks-gb-container box gb-block-container\"><div class=\"gb-container-inside\"><div class=\"gb-container-content\" style=\"max-width:700px\">\n<div class=\"wp-block-columns inverse is-layout-flex wp-container-core-columns-is-layout-8f761849 wp-block-columns-is-layout-flex\">\n<div class=\"wp-block-column texte_planif is-layout-flow wp-block-column-is-layout-flow\" style=\"flex-basis:58%\">\n<h5 class=\"titre_box\">lite mer <span class=\"titre_box_manuscrit\">t\u00e5lamod<\/span><\/h5>\n\n\n\n<p class=\"wp-block-paragraph\" style=\"font-size:14px\">Alla foton, kartor, information och anv\u00e4ndbara adresser som du beh\u00f6ver f\u00f6r att f\u00e5 ut det mesta av <strong>din vistelse i Kroatien<\/strong> kommer <strong>snart<\/strong> att finnas tillg\u00e4ngliga i en enda e-bok!<\/p>\n<\/div>\n\n\n\n<div class=\"wp-block-column is-layout-flow wp-block-column-is-layout-flow\" style=\"flex-basis:42%\">\n<div class=\"wp-block-genesis-blocks-gb-container ebook-radius-waitlist gb-block-container\"><div class=\"gb-container-inside\"><div class=\"gb-container-content\"><div class=\"wp-block-image ebook-image\">\n<figure class=\"aligncenter size-large\"><img decoding=\"async\" src=\"https:\/\/loirelovers.fr\/wp-content\/uploads\/2023\/03\/ebooks_CorseNormandie_FR.png\" alt=\"Box Ebook Korsika FR\"\/><\/figure>\n<\/div><\/div><\/div><\/div>\n<\/div>\n<\/div>\n<\/div><\/div><\/div>\n\n<h2 class=\"wp-block-heading\">Radovans romanska port, en skulpterad ber\u00e4ttelse vid ing\u00e5ngen<\/h2>\n\n<h3 class=\"wp-block-heading\">Skulpturerna p\u00e5 den v\u00e4stra portalen<\/h3>\n\n<p class=\"wp-block-paragraph\">Den v\u00e4stra portalen till <strong>Sankt Laurentius-<\/strong> katedralen <strong>,<\/strong> som skapades omkring <strong>1240<\/strong> av <strong>m\u00e4staren<\/strong> <strong>Radovan,<\/strong> \u00e4r ett enast\u00e5ende exempel p\u00e5 romansk skulpturkonst i Kroatien. Detta m\u00e4sterverk pr\u00e4glas av ett rikt skulpturalt formspr\u00e5k, d\u00e4r bibliska scener och ornamentala motiv v\u00e4vs samman och inbjuder till en noggrann betraktelse. <\/p>\n\n<figure class=\"wp-block-image size-large\"><img decoding=\"async\" src=\"https:\/\/res.cloudinary.com\/dr1k3muv9\/image\/upload\/e_enhance\/e_improve:outdoor:50\/e_contrast:level_35;type_sigmoidal\/e_vibrance:8\/e_saturation:8\/e_sharpen:15\/f_auto\/c_limit,f_webp,q_auto:best,w_800\/fl_layer_apply,g_south_east,l_logomark_croatia,o_90,w_60,x_0,y_0\/v1783440844\/Cathedrale-Saint-Laurent-de-Trogir-4KI.webp\" alt=\"Stenrelief med putti och v&#xE4;xtmotiv\"\/><\/figure>\n\n<p class=\"wp-block-paragraph\">Vi uppskattade s\u00e4rskilt de fina detaljerna, framf\u00f6r allt de stiliserade m\u00e4nniskofigurerna och djuren som tillsammans bildar en komplex visuell ber\u00e4ttelse. Denna portal inbjuder till att beundra den tekniska skickligheten och den religi\u00f6sa symboliken som var typisk f\u00f6r medeltiden. <\/p>\n\n<figure class=\"wp-block-image size-large\"><img decoding=\"async\" src=\"https:\/\/res.cloudinary.com\/dr1k3muv9\/image\/upload\/e_enhance\/e_improve:outdoor:50\/e_contrast:level_35;type_sigmoidal\/e_vibrance:8\/e_saturation:8\/e_sharpen:15\/f_auto\/c_limit,f_webp,q_auto:best,w_800\/fl_layer_apply,g_south_east,l_logomark_croatia,o_90,w_60,x_0,y_0\/v1788170018\/Cathedrale-Saint-Laurent-de-Trogir-VCO.webp\" alt=\"Ett basrelief i sten som f&#xF6;rest&#xE4;ller forntida m&#xE4;nniskofigurer.\"\/><\/figure>\n\n<p class=\"wp-block-paragraph\">F\u00f6r er \u00e4r denna port en perfekt utg\u00e5ngspunkt f\u00f6r rundvandringen, eftersom den visar den romanska konsten fr\u00e5n sin mest uttrycksfulla sida. G\u00e5 inte d\u00e4rifr\u00e5n utan att ha tagit er tid att beundra dessa skulpturer, som vittnar om <strong>Trogirs<\/strong> konstn\u00e4rliga rikedom under <strong>1200-talet<\/strong>. <\/p>\n\n<h3 class=\"wp-block-heading\">L\u00e4s informationen innan du g\u00e5r in<\/h3>\n\n<p class=\"wp-block-paragraph\">Innan ni g\u00e5r in i <strong>Saint-Laurent-katedralen,<\/strong> ta er tid att betrakta fasaden, d\u00e4r <strong>m\u00e4staren<\/strong> <strong>Radovans<\/strong> v\u00e4stra portal imponerar med sin monumentala storlek. Skulpturerna, d\u00e4ribland stenlejon i n\u00e4stan naturlig storlek, skapar en sl\u00e5ende n\u00e4rvaro som inbjuder till noggrann betraktelse. Den yttre arkitekturen, som huvudsakligen \u00e4r romansk, utg\u00f6r en bakgrund till denna rika skulpturala utsmyckning, d\u00e4r m\u00e4nniskofigurer och djurmotiv blandas med en anm\u00e4rkningsv\u00e4rd finess.  <\/p>\n\n<figure class=\"wp-block-image size-large\"><img decoding=\"async\" src=\"https:\/\/res.cloudinary.com\/dr1k3muv9\/image\/upload\/e_enhance\/e_improve:outdoor:50\/e_contrast:level_35;type_sigmoidal\/e_vibrance:8\/e_saturation:8\/e_sharpen:15\/f_auto\/c_limit,f_webp,q_auto:best,w_800\/fl_layer_apply,g_south_east,l_logomark_croatia,o_90,w_60,x_0,y_0\/v1788170022\/Cathedrale-Saint-Laurent-de-Trogir-RDZ.webp\" alt=\"En utsmyckad ing&#xE5;ng med detaljerade skulpturer och bes&#xF6;kare som sitter utomhus\"\/><\/figure>\n\n<p class=\"wp-block-paragraph\">P\u00e5 arkivolten illustrerar en rad sm\u00e5 figurer \u00e5rets m\u00e5nader genom scener ur det medeltida vardagslivet, vilket ger helheten en ber\u00e4ttande och tidsm\u00e4ssig dimension. Denna detalj understryker portalens ikonografiska rikedom, som fortfarande utg\u00f6r ett <strong>m\u00e4sterverk<\/strong> inom den romanska skulpturkonsten i <strong>Dalmatien,<\/strong> samtidigt som den f\u00f6reb\u00e5dar de begynnande gotiska influenserna. Scenernas placering inbjuder till en gradvis och uppm\u00e4rksam betraktelse av fasaden.  <\/p>\n\n<p class=\"wp-block-paragraph\">F\u00f6rh\u00e5llandet mellan portalen och den yttre strukturen vittnar om katedralens l\u00e5nga arkitektoniska utveckling, som str\u00e4cker sig fr\u00e5n <strong>1200-talet<\/strong> till <strong>1600-talet<\/strong>. Den romanska fasaden, som f\u00f6rst\u00e4rks av inslag av gotik och <strong>ren\u00e4ssans,<\/strong> bildar en sammanh\u00e4ngande ram som lyfter fram de skulpterade dekorationerna. Vi rekommenderar att ni inleder ert bes\u00f6k med denna ing\u00e5ende betraktelse, som kommer att f\u00f6rdjupa er f\u00f6rst\u00e5else f\u00f6r de inre utrymmena och byggnadens historia.  <\/p>\n\n<h2 class=\"wp-block-heading\">De tre skeppen och kapellen, en blandning av romansk och gotisk stil<\/h2>\n\n<h3 class=\"wp-block-heading\">Basilikan och dess valv<\/h3>\n\n<p class=\"wp-block-paragraph\">Sankt Laurentius-katedralen i Trogir har en <strong>basilikal planl\u00f6sning med tre skepp<\/strong>, en klassisk utformning som delar upp det inre utrymmet i tre distinkta delar, \u00e5tskilda av massiva pelare. Denna struktur underl\u00e4ttar en smidig r\u00f6rlighet och ger en tydlig utsikt mot koret. <\/p>\n\n<figure class=\"wp-block-image size-large\"><img decoding=\"async\" src=\"https:\/\/res.cloudinary.com\/dr1k3muv9\/image\/upload\/e_enhance\/e_improve:outdoor:50\/e_contrast:level_35;type_sigmoidal\/e_vibrance:8\/e_saturation:8\/e_sharpen:15\/f_auto\/c_limit,f_webp,q_auto:best,w_800\/fl_layer_apply,g_south_east,l_logomark_croatia,o_90,w_60,x_0,y_0\/v1788170025\/Cathedrale-Saint-Laurent-de-Trogir-interior-TBK.webp\" alt=\"Interi&#xF6;r i ett kapell med ett baldakin ovanf&#xF6;r altaret\"\/><\/figure>\n\n<p class=\"wp-block-paragraph\">Utv\u00e4ndigt pr\u00e4glas katedralen av en <strong>huvudsakligen romansk arkitektur<\/strong>, vilket framf\u00f6r allt syns p\u00e5 fasaden och den skulpterade v\u00e4stra portalen. Dessa detaljer vittnar om den f\u00f6rsta byggnadsfasen, som k\u00e4nnetecknas av den \u00e5terh\u00e5llsamhet och monumentalitet som \u00e4r typisk f\u00f6r den romanska stilen. <\/p>\n\n<p class=\"wp-block-paragraph\">D\u00e4remot utm\u00e4rks interi\u00f6ren av sina <strong>gotiska korsvalv<\/strong>, som t\u00e4cker skeppen och ger en l\u00e4ttare och luftigare k\u00e4nsla. Denna stilistiska utveckling speglar den l\u00e5nga byggtiden, som str\u00e4ckte sig fr\u00e5n 1200-talet till 1400-talet, och under vilken de gotiska innovationerna gradvis inf\u00f6rlivades. <\/p>\n\n<figure class=\"wp-block-image size-large\"><img decoding=\"async\" src=\"https:\/\/res.cloudinary.com\/dr1k3muv9\/image\/upload\/e_enhance\/e_improve:outdoor:50\/e_contrast:level_35;type_sigmoidal\/e_vibrance:8\/e_saturation:8\/e_sharpen:15\/f_auto\/c_limit,f_webp,q_auto:best,w_800\/fl_layer_apply,g_south_east,l_logomark_croatia,o_90,w_60,x_0,y_0\/v1788170030\/Trogir-Lieu-WHW.webp\" alt=\"Interi&#xF6;ren i den romanska kyrkan\"\/><\/figure>\n\n<p class=\"wp-block-paragraph\">Denna stilm\u00e4ssiga utveckling illustrerar v\u00e4l katedralens arkitektoniska historia, d\u00e4r den romanska stilens stramhet p\u00e5 utsidan \u00f6verg\u00e5r till ett mer f\u00f6rfinat gotiskt uttryck p\u00e5 insidan. Denna kontrast berikar bes\u00f6ket genom att ge en konkret inblick i den medeltida konstens utveckling i <strong>Dalmatien.<\/strong> <\/p>\n\n<p class=\"wp-block-paragraph\">N\u00e4r du bes\u00f6ker katedralen, ta dig tid att beundra detaljerna i valven och pelarna, som vittnar om en enast\u00e5ende <strong>hantverksskicklighet<\/strong>. Denna balans mellan robusthet och l\u00e4tthet \u00e4r ett av de drag som g\u00f6r <strong>Saint-Laurent-katedralen<\/strong> s\u00e4rskilt intressant. <\/p>\n\n<h3 class=\"wp-block-heading\">Saint-Jean-kapellet och dess grav<\/h3>\n\n<p class=\"wp-block-paragraph\"><strong>Sankt Johannes-kapellet<\/strong> i Sankt Laurentius-katedralen i Trogir \u00e4r till\u00e4gnat Sankt Johannes av Trogir, biskop och stadens skyddshelgon. H\u00e4r finns hans <strong>grav<\/strong>, en central plats f\u00f6r den lokala fromheten som vittnar om det djupa bandet mellan samh\u00e4llet och dess andliga beskyddare. Detta helgedom spelar en viktig roll i Trogirs religi\u00f6sa liv, s\u00e4rskilt under de \u00e5rliga h\u00f6gtiderna som samlar inv\u00e5narna.  <\/p>\n\n<figure class=\"wp-block-image size-large\"><img decoding=\"async\" src=\"https:\/\/res.cloudinary.com\/dr1k3muv9\/image\/upload\/e_enhance\/e_improve:outdoor:50\/e_contrast:level_35;type_sigmoidal\/e_vibrance:8\/e_saturation:8\/e_sharpen:15\/f_auto\/c_limit,f_webp,q_auto:best,w_800\/fl_layer_apply,g_south_east,l_logomark_croatia,o_90,w_60,x_0,y_0\/v1783440873\/Cathedrale-Saint-Laurent-de-Trogir-interior-Z3E.webp\" alt=\"Det rikt utsmyckade interi&#xF6;ren i Mus&#xE9;e des Arts Sacr&#xE9;s med altare och statyer\"\/><\/figure>\n\n<p class=\"wp-block-paragraph\">Denna kapell \u00e4r ocks\u00e5 ett <strong>m\u00e4sterverk inom den dalmatiska konsttraditionen fr\u00e5n 1400-talet<\/strong>. Den utm\u00e4rker sig genom sina raffinerade skulpturer och marmordekorationer, utf\u00f6rda av lokala konstn\u00e4rer s\u00e5som Ivan Duknovi\u0107. Dessa konstn\u00e4rliga inslag illustrerar regionens kulturella rikedom och f\u00f6rst\u00e4rker katedralens kulturhistoriska v\u00e4rde.  <\/p>\n\n<p class=\"wp-block-paragraph\">Under ditt bes\u00f6k kan du uppleva den h\u00e4r blandningen<strong>av andlig historia<\/strong> och<strong>konstn\u00e4rlig f\u00f6rtr\u00e4fflighet<\/strong> som g\u00f6r Sankt Johannes-kapellet till en plats som \u00e4r b\u00e5de helig och vacker. Denna plats inbjuder till eftertanke och ger samtidigt en v\u00e4rdefull inblick i de religi\u00f6sa traditioner som har format Trogir genom \u00e5rhundradena. <\/p>\n\n<h3 class=\"wp-block-heading\">St\u00e4mningen i kapellen inne<\/h3>\n\n<figure class=\"wp-block-image size-large\"><img decoding=\"async\" src=\"https:\/\/res.cloudinary.com\/dr1k3muv9\/image\/upload\/e_enhance\/e_improve:outdoor:50\/e_contrast:level_35;type_sigmoidal\/e_vibrance:8\/e_saturation:8\/e_sharpen:15\/f_auto\/c_limit,f_webp,q_auto:best,w_800\/fl_layer_apply,g_south_east,l_logomark_croatia,o_90,w_60,x_0,y_0\/v1788170038\/Trogir-Lieu-WJO.webp\" alt=\"Altare med en staty av Jungfru Maria och en religi&#xF6;s m&#xE5;lning\"\/><\/figure>\n\n<p class=\"wp-block-paragraph\">Bortom det livliga livet utanf\u00f6r erbjuder kapellen inne en lugnare atmosf\u00e4r, badad i ett d\u00e4mpat ljus som framh\u00e4ver de religi\u00f6sa detaljerna. Dessa utrymmen inbjuder till stilla eftertanke och l\u00e4mpar sig v\u00e4l f\u00f6r uppm\u00e4rksam iakttagelse. <\/p>\n\n<h2 class=\"wp-block-heading\">Det slanka klocktornet och utsikten \u00f6ver Trogir<\/h2>\n\n<h3 class=\"wp-block-heading\">En byggnad som ligger n\u00e5gonstans mellan venetiansk gotik och ren\u00e4ssans<\/h3>\n\n<p class=\"wp-block-paragraph\"><strong>Klocktornet vid Saint-Laurent-katedralen<\/strong> \u00e4r 47 meter h\u00f6gt och vittnar om en byggprocess som str\u00e4ckte sig fr\u00e5n <strong>1300-talet till 1500-talet<\/strong>. Denna l\u00e5nga byggperiod f\u00f6rklarar varf\u00f6r olika arkitektoniska stilar f\u00f6rekommer samtidigt och \u00f6verlappar varandra i tornets h\u00f6jd. P\u00e5 s\u00e5 s\u00e4tt kan man urskilja de olika influenser som pr\u00e4glat byggnadsarbetet under de olika perioderna.  <\/p>\n\n<figure class=\"wp-block-image size-large\"><img decoding=\"async\" src=\"https:\/\/res.cloudinary.com\/dr1k3muv9\/image\/upload\/e_enhance\/e_improve:outdoor:50\/e_contrast:level_35;type_sigmoidal\/e_vibrance:8\/e_saturation:8\/e_sharpen:15\/f_auto\/c_limit,f_webp,q_auto:best,w_800\/fl_layer_apply,g_south_east,l_logomark_croatia,o_90,w_60,x_0,y_0\/v1788170042\/Trogir-Lieu-V4S.webp\" alt=\"Gotisk klocktorn\"\/><\/figure>\n\n<p class=\"wp-block-paragraph\">Klocktornets <strong>\u00f6vre v\u00e5ningar<\/strong> pr\u00e4glas starkt av <strong>den gotiska stilen<\/strong>, vilket framg\u00e5r s\u00e4rskilt tydligt i spetsb\u00e5garna och de smala \u00f6ppningarna. Denna del av klocktornet \u00e4r ett bra exempel p\u00e5 den venetianska gotikens m\u00e4sterliga utf\u00f6rande, en stil som k\u00e4nnetecknas av sin elegans och dekorativa finess \u2013 ett arv fr\u00e5n det kulturella utbytet mellan Dalmatien och Venedig. <\/p>\n\n<figure class=\"wp-block-image size-large\"><img decoding=\"async\" src=\"https:\/\/res.cloudinary.com\/dr1k3muv9\/image\/upload\/e_enhance\/e_improve:outdoor:50\/e_contrast:level_35;type_sigmoidal\/e_vibrance:8\/e_saturation:8\/e_sharpen:15\/f_auto\/c_limit,f_webp,q_auto:best,w_800\/fl_layer_apply,g_south_east,l_logomark_croatia,o_90,w_60,x_0,y_0\/v1788170047\/Cathedrale-Saint-Laurent-de-Trogir-view-ZMX.webp\" alt=\"Den gotiska galleriet p&#xE5; Mus&#xE9;e des Arts Sacr&#xE9;s\"\/><\/figure>\n\n<p class=\"wp-block-paragraph\">N\u00e4r ni kl\u00e4ttrar upp mot toppen kommer ni att se <strong>ren\u00e4ssansmotiv<\/strong> som pryder de \u00f6vre delarna och markerar en tydlig stilistisk \u00f6verg\u00e5ng. Dessa dekorativa detaljer vittnar om regionens konstn\u00e4rliga utveckling genom \u00e5rhundradena och berikar den arkitektoniska tolkningen av klocktornet redan innan ni p\u00e5b\u00f6rjar er kl\u00e4ttring. <\/p>\n\n<h3 class=\"wp-block-heading\">Ta sig upp f\u00f6r att besk\u00e5da gamla stan<\/h3>\n\n<p class=\"wp-block-paragraph\">Fr\u00e5n toppen av klocktornet i Sankt Laurentius-katedralen str\u00e4cker sig utsikten \u00f6ver hela Trogirs gamla stadsk\u00e4rna, med sina <strong>r\u00f6da tegeltak<\/strong> och typiska smala gr\u00e4nder. Fr\u00e5n denna h\u00f6jd f\u00e5r man en unik visuell upplevelse d\u00e4r man kan beundra omr\u00e5dets medeltida utformning och den arkitektoniska t\u00e4theten som k\u00e4nnetecknar detta omr\u00e5de, som \u00e4r upptaget p\u00e5 UNESCO:s v\u00e4rldsarvslista. <\/p>\n\n<figure class=\"wp-block-image size-large\"><img decoding=\"async\" src=\"https:\/\/res.cloudinary.com\/dr1k3muv9\/image\/upload\/e_enhance\/e_improve:outdoor:50\/e_contrast:level_35;type_sigmoidal\/e_vibrance:8\/e_saturation:8\/e_sharpen:15\/f_auto\/c_limit,f_webp,q_auto:best,w_800\/fl_layer_apply,g_south_east,l_logomark_croatia,o_90,w_60,x_0,y_0\/v1788170051\/Cathedrale-Saint-Laurent-de-Trogir-view-E0Y.webp\" alt=\"Utsikt fr&#xE5;n en stenbelagd terrass med pelare &#xF6;ver gamla tak\"\/><\/figure>\n\n<p class=\"wp-block-paragraph\">N\u00e4r man kl\u00e4ttrar h\u00f6gre upp \u00f6ppnar sig utsikten \u00f6ver det n\u00e4rliggande <strong>Adriatiska havet<\/strong>, liksom \u00f6ver Trogirs hamn och de omgivande \u00f6arna, s\u00e4rskilt \u00f6n \u010ciovo. Denna utsiktsplats ger en v\u00e4rdefull inblick i kopplingen mellan staden och dess maritima omgivning, vilket f\u00f6rdjupar f\u00f6rst\u00e5elsen f\u00f6r dess historia och geografi. <\/p>\n\n<figure class=\"wp-block-image size-large\"><img decoding=\"async\" src=\"https:\/\/res.cloudinary.com\/dr1k3muv9\/image\/upload\/e_enhance\/e_improve:outdoor:50\/e_contrast:level_35;type_sigmoidal\/e_vibrance:8\/e_saturation:8\/e_sharpen:15\/f_auto\/c_limit,f_webp,q_auto:best,w_800\/fl_layer_apply,g_south_east,l_logomark_croatia,o_90,w_60,x_0,y_0\/v1788170055\/Trogir-Lieu-FTB.webp\" alt=\"Panoramautsikt &#xF6;ver Trogirs gamla stadsk&#xE4;rna\"\/><\/figure>\n\n<p class=\"wp-block-paragraph\">Man tar sig upp via en brant och smal spiraltrappa, vilket kan vara sv\u00e5rt f\u00f6r vissa bes\u00f6kare. Vi rekommenderar d\u00e4rf\u00f6r att du bed\u00f6mer din fysiska kondition och dina f\u00f6rv\u00e4ntningar innan du p\u00e5b\u00f6rjar denna kl\u00e4ttring, som dock \u00e4r ett m\u00e5ste f\u00f6r den som vill njuta fullt ut av utsikten och atmosf\u00e4ren i <strong>Trogir.<\/strong> <\/p>\n\n<h2 class=\"wp-block-heading\">Skattkammaren och katedralens levande roll<\/h2>\n\n<h3 class=\"wp-block-heading\">Reliker och religi\u00f6sa f\u00f6rem\u00e5l<\/h3>\n\n<p class=\"wp-block-paragraph\">Sankt Laurentius-katedralen i Trogir rymmer en <strong>skattkammare<\/strong> d\u00e4r religi\u00f6sa f\u00f6rem\u00e5l f\u00f6rvaras som vittnar om katedralens andliga och kulturella betydelse. Samlingen omfattar <strong>helgonreliker<\/strong>, m\u00e4sskoppar i guld och silver samt broderade liturgiska kl\u00e4der, varav vissa h\u00e4rstammar fr\u00e5n medeltiden. Dessa f\u00f6rem\u00e5l illustrerar<strong>den dalmatiska guldsmedskonsterns<\/strong> rikedom och katedralens betydelse f\u00f6r den lokala liturgin.  <\/p>\n\n<figure class=\"wp-block-image size-large\"><img decoding=\"async\" src=\"https:\/\/res.cloudinary.com\/dr1k3muv9\/image\/upload\/e_enhance\/e_improve:outdoor:50\/e_contrast:level_35;type_sigmoidal\/e_vibrance:8\/e_saturation:8\/e_sharpen:15\/f_auto\/c_limit,f_webp,q_auto:best,w_800\/fl_layer_apply,g_south_east,l_logomark_croatia,o_90,w_60,x_0,y_0\/v1788170059\/Cathedrale-Saint-Laurent-de-Trogir-2WB.webp\" alt=\"Utst&#xE4;llningsmonter med liturgiska kl&#xE4;der och religi&#xF6;sa f&#xF6;rem&#xE5;l p&#xE5; museet.\"\/><\/figure>\n\n<p class=\"wp-block-paragraph\">Bland de viktigaste f\u00f6rem\u00e5len utm\u00e4rker sig <strong>relikskrinet till\u00e4gnat Sankt Johannes<\/strong> genom sin finess och sitt historiska v\u00e4rde. Dessa f\u00f6rem\u00e5l \u00e4r inte bara v\u00e4rdefulla p\u00e5 grund av sitt material, utan ocks\u00e5 p\u00e5 grund av sin roll i religi\u00f6sa ceremonier och sin koppling till Trogirs historia. Att dessa skatter bevaras i ett s\u00e4rskilt utrymme g\u00f6r det m\u00f6jligt att b\u00e4ttre f\u00f6rst\u00e5 katedralens religi\u00f6sa funktion genom \u00e5rhundradena.  <\/p>\n\n<figure class=\"wp-block-image size-large\"><img decoding=\"async\" src=\"https:\/\/res.cloudinary.com\/dr1k3muv9\/image\/upload\/e_enhance\/e_improve:outdoor:50\/e_contrast:level_35;type_sigmoidal\/e_vibrance:8\/e_saturation:8\/e_sharpen:15\/f_auto\/c_limit,f_webp,q_auto:best,w_800\/fl_layer_apply,g_south_east,l_logomark_croatia,o_90,w_60,x_0,y_0\/v1788170064\/Cathedrale-Saint-Laurent-de-Trogir-IER.webp\" alt=\"En snidad sarkofag och marmorstatyer i ett museum f&#xF6;r sakral konst\"\/><\/figure>\n\n<p class=\"wp-block-paragraph\">Vi uppskattade s\u00e4rskilt hur skattkammaren belyser kontinuiteten mellan d\u00e5tid och nutid i <strong>Trogirs<\/strong> religi\u00f6sa liv <strong>.<\/strong> N\u00e4r ni bes\u00f6ker detta utrymme kommer ni att f\u00f6rst\u00e5 katedralens betydelse, inte bara som arkitektonisk byggnad, utan ocks\u00e5 som v\u00e4ktare av ett levande religi\u00f6st arv, som fortfarande firas under <strong>Sankt<\/strong> Laurentiusfesten varje 10 augusti.<\/p>\n\n<figure class=\"wp-block-image size-large\"><img decoding=\"async\" src=\"https:\/\/res.cloudinary.com\/dr1k3muv9\/image\/upload\/e_enhance\/e_improve:outdoor:50\/e_contrast:level_35;type_sigmoidal\/e_vibrance:8\/e_saturation:8\/e_sharpen:15\/f_auto\/c_limit,f_webp,q_auto:best,w_800\/fl_layer_apply,g_south_east,l_logomark_croatia,o_90,w_60,x_0,y_0\/v1788170069\/Trogir-Lieu-DLB.webp\" alt=\"Utst&#xE4;llningssalen p&#xE5; Mus&#xE9;e des Arts Sacr&#xE9;s\"\/><\/figure>\n\n<h3 class=\"wp-block-heading\">Ett monument i hj\u00e4rtat av Trogir<\/h3>\n\n<p class=\"wp-block-paragraph\">Sankt Laurentius-katedralen intar en central plats i Trogirs andliga och kulturella liv. Den \u00e4r till\u00e4gnad <strong>Sankt Laurentius<\/strong>, en martyr fr\u00e5n 300-talet, och utg\u00f6r stadens viktigaste religi\u00f6sa samlingsplats. Varje \u00e5r firas Sankt Laurentius dag den 10 augusti med stora <strong>religi\u00f6sa ceremonier<\/strong> som f\u00f6renar inv\u00e5narna kring deras andliga arv.  <\/p>\n\n<figure class=\"wp-block-image size-large\"><img decoding=\"async\" src=\"https:\/\/res.cloudinary.com\/dr1k3muv9\/image\/upload\/e_enhance\/e_improve:outdoor:50\/e_contrast:level_35;type_sigmoidal\/e_vibrance:8\/e_saturation:8\/e_sharpen:15\/f_auto\/c_limit,f_webp,q_auto:best,w_800\/fl_layer_apply,g_south_east,l_logomark_croatia,o_90,w_60,x_0,y_0\/v1788170073\/Cathedrale-Saint-Laurent-de-Trogir-interior-CLA.webp\" alt=\"Interi&#xF6;r i en kyrka med altare och en ljuskrona i form av ett kors\"\/><\/figure>\n\n<p class=\"wp-block-paragraph\">F\u00f6rutom traditionella gudstj\u00e4nster som m\u00e4ssor, dop och br\u00f6llop \u00e4r katedralen \u00e4ven en plats f\u00f6r <strong>kulturella evenemang<\/strong>, s\u00e5som konserter med sakral musik. Dessa evenemang f\u00f6rst\u00e4rker dess roll som en levande plats, d\u00e4r tradition och konstn\u00e4rligt uttryck sm\u00e4lter samman, mitt i Trogirs gamla stadsdel. <\/p>\n\n<p class=\"wp-block-paragraph\">B\u00e5de f\u00f6r inv\u00e5narna och f\u00f6r bes\u00f6karna \u00e4r <strong>Sankt Laurentius<\/strong> -katedralen fortfarande en oundviklig landm\u00e4rkesbyggnad. Den f\u00f6rkroppsligar inte bara den lokala tron, utan ocks\u00e5 kontinuiteten i de kulturella traditioner som pr\u00e4glar livet i <strong>Trogir,<\/strong> i n\u00e4ra samband med stadens rika historiska och arkitektoniska arv. <\/p>\n\n<h2 class=\"wp-block-heading\">Historia i korthet<\/h2>\n\n<p class=\"wp-block-paragraph\">H\u00e4r \u00e4r de viktigaste \u00e5rtalen som man b\u00f6r ha i \u00e5tanke f\u00f6r att f\u00f6rst\u00e5 historien bakom <strong>Sankt Laurentius<\/strong> -katedralen i <strong>Trogir:<\/strong><\/p>\n\n<ul class=\"wp-block-list\">\n<li><strong>1123<\/strong>: den tidigare byggnaden f\u00f6rst\u00f6rdes av saracenerna,<\/li>\n\n\n\n<li><strong>1213<\/strong>: \u00e5teruppbyggnaden inleddes p\u00e5 grunden till en tidigare tidigkristen katedral,<\/li>\n\n\n\n<li>Byggnaden uppf\u00f6rdes under en period som str\u00e4ckte sig fram till <strong>1600-talet<\/strong>, vilket \u00e5terspeglar samverkan mellan olika arkitektoniska stilar.<\/li>\n<\/ul>\n\n<figure class=\"wp-block-image size-large\"><img decoding=\"async\" src=\"https:\/\/res.cloudinary.com\/dr1k3muv9\/image\/upload\/e_enhance\/e_improve:outdoor:50\/e_contrast:level_35;type_sigmoidal\/e_vibrance:8\/e_saturation:8\/e_sharpen:15\/f_auto\/c_limit,f_webp,q_auto:best,w_800\/fl_layer_apply,g_south_east,l_logomark_croatia,o_90,w_60,x_0,y_0\/v1788170001\/Trogir-Lieu-SYM.webp\" alt=\"Panoramautsikt &#xF6;ver gamla stan och hamnen\"\/><\/figure>\n\n<div style=\"background-color:#fefefe;margin-top:6%;margin-bottom:6%\" class=\"wp-block-genesis-blocks-gb-container box gb-block-container\"><div class=\"gb-container-inside\"><div class=\"gb-container-content\" style=\"max-width:700px\">\n<div class=\"wp-block-columns inverse is-layout-flex wp-container-core-columns-is-layout-8f761849 wp-block-columns-is-layout-flex\">\n<div class=\"wp-block-column texte_planif is-layout-flow wp-block-column-is-layout-flow\" style=\"flex-basis:58%\">\n<h5 class=\"titre_box\">Ta emot v\u00e5rt <span class=\"titre_box_manuscrit\">nyhetsbrev<\/span><\/h5>\n\n\n\n<ul class=\"wp-block-list\">\n<li>En frisk fl\u00e4kt i ditt dagliga liv p\u00e5 de vackra destinationerna i Region Lovers!<\/li>\n\n\n\n<li>En g\u00e5ng i m\u00e5naden<\/li>\n\n\n\n<li>Reklamfri<\/li>\n<\/ul>\n\n\n<script>\nvar gform;gform||(document.addEventListener(\"gform_main_scripts_loaded\",function(){gform.scriptsLoaded=!0}),document.addEventListener(\"gform\/theme\/scripts_loaded\",function(){gform.themeScriptsLoaded=!0}),window.addEventListener(\"DOMContentLoaded\",function(){gform.domLoaded=!0}),gform={domLoaded:!1,scriptsLoaded:!1,themeScriptsLoaded:!1,isFormEditor:()=>\"function\"==typeof InitializeEditor,callIfLoaded:function(o){return!(!gform.domLoaded||!gform.scriptsLoaded||!gform.themeScriptsLoaded&&!gform.isFormEditor()||(gform.isFormEditor()&&console.warn(\"The use of gform.initializeOnLoaded() is deprecated in the form editor context and will be removed in Gravity Forms 3.1.\"),o(),0))},initializeOnLoaded:function(o){gform.callIfLoaded(o)||(document.addEventListener(\"gform_main_scripts_loaded\",()=>{gform.scriptsLoaded=!0,gform.callIfLoaded(o)}),document.addEventListener(\"gform\/theme\/scripts_loaded\",()=>{gform.themeScriptsLoaded=!0,gform.callIfLoaded(o)}),window.addEventListener(\"DOMContentLoaded\",()=>{gform.domLoaded=!0,gform.callIfLoaded(o)}))},hooks:{action:{},filter:{}},addAction:function(o,r,e,t){gform.addHook(\"action\",o,r,e,t)},addFilter:function(o,r,e,t){gform.addHook(\"filter\",o,r,e,t)},doAction:function(o){gform.doHook(\"action\",o,arguments)},applyFilters:function(o){return gform.doHook(\"filter\",o,arguments)},removeAction:function(o,r){gform.removeHook(\"action\",o,r)},removeFilter:function(o,r,e){gform.removeHook(\"filter\",o,r,e)},addHook:function(o,r,e,t,n){null==gform.hooks[o][r]&&(gform.hooks[o][r]=[]);var d=gform.hooks[o][r];null==n&&(n=r+\"_\"+d.length),gform.hooks[o][r].push({tag:n,callable:e,priority:t=null==t?10:t})},doHook:function(r,o,e){var t;if(e=Array.prototype.slice.call(e,1),null!=gform.hooks[r][o]&&((o=gform.hooks[r][o]).sort(function(o,r){return o.priority-r.priority}),o.forEach(function(o){\"function\"!=typeof(t=o.callable)&&(t=window[t]),\"action\"==r?t.apply(null,e):e[0]=t.apply(null,e)})),\"filter\"==r)return e[0]},removeHook:function(o,r,t,n){var e;null!=gform.hooks[o][r]&&(e=(e=gform.hooks[o][r]).filter(function(o,r,e){return!!(null!=n&&n!=o.tag||null!=t&&t!=o.priority)}),gform.hooks[o][r]=e)}});\n<\/script>\n\n                <div class='gf_browser_gecko gform_wrapper gravity-theme gform-theme--no-framework' data-form-theme='gravity-theme' data-form-index='0' id='gform_wrapper_2' >\n                        <div class='gform_heading'>\n                            <p class='gform_description'><\/p>\n                        <\/div><form method='post' enctype='multipart\/form-data'  id='gform_2'  action='\/sv\/wp-json\/wp\/v2\/posts\/5952' data-formid='2' novalidate>\n                        <div class='gform-body gform_body'><div id='gform_fields_2' class='gform_fields top_label form_sublabel_below description_below validation_below'><div id=\"field_2_4\" class=\"gfield gfield--type-honeypot gform_validation_container field_sublabel_below gfield--has-description field_description_below field_validation_below gfield_visibility_visible\"  ><label class='gfield_label gform-field-label' for='input_2_4'><span class='gform-field-label__text'>X\/Twitter<\/span><\/label><div class='ginput_container'><input name='input_4' id='input_2_4' type='text' value='' autocomplete='new-password'\/><\/div><div class='gfield_description' id='gfield_description_2_4'>Detta f\u00e4lt anv\u00e4nds f\u00f6r validerings\u00e4ndam\u00e5l och ska l\u00e4mnas of\u00f6r\u00e4ndrat.<\/div><\/div><div id=\"field_2_1\" class=\"gfield gfield--type-website gfield--input-type-website field_sublabel_below gfield--no-description field_description_below field_validation_below gfield_visibility_hidden\"  ><div class=\"admin-hidden-markup\"><i class=\"gform-icon gform-icon--hidden\" aria-hidden=\"true\" title=\"Detta f\u00e4lt \u00e4r dolt n\u00e4r formul\u00e4ret visas\"><\/i><span>Detta f\u00e4lt \u00e4r dolt n\u00e4r formul\u00e4ret visas<\/span><\/div><label class='gfield_label gform-field-label' for='input_2_1'><span class='gform-field-label__text'>Webbplats Webb<\/span><\/label><div class='ginput_container ginput_container_website'>\n                    <input name='input_1' id='input_2_1' type='url' value='' class='large'    placeholder='https:\/\/'  aria-invalid=\"false\" \/>\n                <\/div><\/div><div id=\"field_2_3\" class=\"gfield gfield--type-email gfield--input-type-email gfield--width-half field_sublabel_below gfield--no-description field_description_below hidden_label field_validation_below gfield_visibility_visible\"  ><label class='gfield_label gform-field-label' for='input_2_3'><span class='gform-field-label__text'>E-post<\/span><\/label><div class='ginput_container ginput_container_email'>\n                            <input name='input_3' id='input_2_3' type='email' value='' class='large'     aria-invalid=\"false\"  \/>\n                        <\/div><\/div><div id=\"field_submit_2\" class=\"gfield gfield--type-submit gfield--width-half field_sublabel_below gfield--no-description field_description_below field_validation_below gfield_visibility_visible\"  data-field-class=\"gform_editor_submit_container\" data-field-position=\"inline\" ><button type='submit' id='gform_submit_button_2' class='gform-button gform-button--white  button' onclick='gform.submission.handleButtonClick(this);' data-submission-type='submit' >Skicka<\/button><\/div><\/div><\/div>\n        <div class='gform-footer gform_footer top_label'>  \n            <input type='hidden' class='gform_hidden' name='gform_submission_method' data-js='gform_submission_method_2' value='postback' \/>\n            <input type='hidden' class='gform_hidden' name='gform_theme' data-js='gform_theme_2' id='gform_theme_2' value='gravity-theme' \/>\n            <input type='hidden' class='gform_hidden' name='gform_style_settings' data-js='gform_style_settings_2' id='gform_style_settings_2' value='{&quot;theme&quot;:&quot;gravity-theme&quot;,&quot;inputPrimaryColor&quot;:&quot;#72bb20&quot;,&quot;buttonPrimaryBackgroundColor&quot;:&quot;#72bb20&quot;}' \/>\n            <input type='hidden' class='gform_hidden' name='is_submit_2' value='1' \/>\n            <input type='hidden' class='gform_hidden' name='gform_submit' value='2' \/>\n            \n            <input type='hidden' class='gform_hidden' name='gform_currency' data-currency='USD' value='Vg7PGoS6ue\/z5TowWSNrg8KTUWbS2ul2d3eTpegr2OJnW\/asQmvp1Us87Xc5C0c+vUArg4BOvQHn3BXv9yXo8zgAxsmroPKbIXb3U9MsBwwBb4s=' \/>\n            <input type='hidden' class='gform_hidden' name='gform_unique_id' value='' \/>\n            <input type='hidden' class='gform_hidden' name='state_2' value='WyJ7XCJnZm9ybV9zdWJtaXNzaW9uX21ldGhvZFwiOltcIjhmY2U2OWYxMTQ2NDcyOTE3YWIxMGQ5OWU5MzVlNWI2XCIsXCJlMWNkMzcxOGVjYzY1NWJiYzZhZTU1M2VjMzhmMmM4NlwiXSxcImdmb3JtX3RoZW1lXCI6XCI4MjY1Mjc0ZTRmM2VhNWQ5YWNkMzQxMzUxY2RjMzQ2ZVwiLFwiZ2Zvcm1fc3R5bGVfc2V0dGluZ3NcIjpcImYwODAyMmI0MzkxZGQyMjRlMDdiYTVkZmQwMzk3ZjA2XCIsXCJmb3JtX2lkXCI6XCI4MWQ1MmEwNzdiNmQzOTc0OTIxMjBlYzBlZmJmNTE2MlwiLFwidXJsXCI6XCI3YjNjOGEzNWYxMWZiNGM4OTY5ODZlYWFhY2YzYjMwYlwiLFwic3RhdGVfdGltZXN0YW1wXCI6XCJlN2NiZGJlNzQ2MGFmMzEzZjg4YTY1MzJiMjk5MjJmOVwifSIsIjJmMTc2Yzk0MmEyZTBkZjNhYTY5NzZmZWJhZDdhOTk5IiwxNzg4MjU1MzU3XQ==' \/>\n            <input type='hidden' autocomplete='off' class='gform_hidden' name='gform_target_page_number_2' id='gform_target_page_number_2' value='0' \/>\n            <input type='hidden' autocomplete='off' class='gform_hidden' name='gform_source_page_number_2' id='gform_source_page_number_2' value='1' \/>\n            <input type='hidden' name='gform_field_values' value='' \/>\n            \n        <\/div>\n                        <\/form>\n                        <\/div><\/div>\n\n\n\n<div class=\"wp-block-column is-layout-flow wp-block-column-is-layout-flow\" style=\"flex-basis:42%\">\n<div class=\"wp-block-genesis-blocks-gb-container aligncenter newsletter-radius gb-block-container\"><div class=\"gb-container-inside\"><div class=\"gb-container-content\"><div class=\"wp-block-image newsletter-image\">\n<figure class=\"aligncenter size-full\"><img decoding=\"async\" src=\"https:\/\/madeiralovers.com\/wp-content\/uploads\/2024\/01\/newsletter_FR_2.webp\" alt=\"\" class=\"wp-image-222\"\/><\/figure>\n<\/div><\/div><\/div><\/div>\n<\/div>\n<\/div>\n<\/div><\/div><\/div>\n\n<h2 class=\"wp-block-heading\">Vanliga fr\u00e5gor och svar<\/h2>\n\n<h3 class=\"wp-block-heading\">Kan man g\u00e5 upp i klocktornet i Sankt Laurentius-katedralen i Trogir?<\/h3>\n\n<p class=\"wp-block-paragraph\">Man tar sig upp till klocktornet i Saint-Laurent-katedralen via en <strong>smal och brant spiraltrappa<\/strong>, vars sista del best\u00e5r av en <strong>stege eller en metallbro<\/strong>. Denna utformning kr\u00e4ver en viss fysisk anstr\u00e4ngning och kan upplevas som <strong>skr\u00e4mmande f\u00f6r personer som lider av h\u00f6jdskr\u00e4ck<\/strong>. <\/p>\n\n<p class=\"wp-block-paragraph\">En varningsskylt informerar om att man kl\u00e4ttrar upp <strong>p\u00e5 egen risk,<\/strong> eftersom klocktornet saknar moderna s\u00e4kerhetsanordningar. Det rekommenderas ocks\u00e5 att undvika att kl\u00e4ttra upp vid hel- och halvtimmar, n\u00e4r klockorna ringer, p\u00e5 grund av <strong>det kraftiga ljudet<\/strong> som kan komma som en \u00f6verraskning. <\/p>\n\n<p class=\"wp-block-paragraph\">P\u00e5 toppen bel\u00f6nas anstr\u00e4ngningen med en fantastisk utsikt: h\u00e4r kan du njuta av en <strong>enast\u00e5ende panoramautsikt<\/strong> \u00f6ver Trogirs gamla stad, Adriatiska havet och de omgivande \u00f6arna. Denna upplevelse ger dig ett unikt perspektiv fr\u00e5n vilket du kan uppskatta stadens historiska och naturliga milj\u00f6. <\/p>\n\n<div class=\"wp-block-genesis-blocks-gb-container box gb-block-container\" style=\"margin-top:8%;margin-bottom:8%\"><div class=\"gb-container-inside\"><div class=\"gb-container-content\" style=\"max-width:700px\">\n<div class=\"wp-block-genesis-blocks-gb-container box_titre gb-block-container\"><div class=\"gb-container-inside\"><div class=\"gb-container-content\">\n<h5 class=\"titre_box\">PLANERA DIN RESA TILL <span class=\"titre_box_manuscrit\">Kroatien<\/span><\/h5>\n<\/div><\/div><\/div>\n\n\n\n<hr class=\"wp-block-separator has-text-color has-alpha-channel-opacity has-background is-style-wide hr-box-planif\" style=\"background-color:#ccd3dd;color:#ccd3dd\"\/>\n\n\n\n<div class=\"wp-block-columns box_sans_border is-layout-flex wp-container-core-columns-is-layout-8f761849 wp-block-columns-is-layout-flex\">\n<div class=\"wp-block-column texte_planif is-layout-flow wp-block-column-is-layout-flow\" style=\"font-size:14px;flex-basis:60%\">\n<ul class=\"wp-block-list\">\n<li><strong>B\u00e4st av<\/strong><\/li>\n<\/ul>\n\n\n\n<p class=\"ul_box wp-block-paragraph\" style=\"font-size:14px\"><a href=\"https:\/\/croatialovers.com\/sv\/vart-aka-kroatien-vackraste-resmalen\/\" data-type=\"post\" data-id=\"4957\" target=\"_blank\" rel=\"noreferrer noopener\">De b\u00e4sta resm\u00e5len<\/a><br\/><a href=\"https:\/\/croatialovers.com\/sv\/basta-staderna-kroatien\/\" data-type=\"post\" data-id=\"5118\" target=\"_blank\" rel=\"noreferrer noopener\">De vackraste st\u00e4derna<\/a><br\/>De vackraste \u00f6arna<br\/>Nationalparker<\/p>\n<\/div>\n\n\n\n<div class=\"wp-block-column is-vertically-aligned-top planif-radius is-layout-flow wp-block-column-is-layout-flow\" style=\"flex-basis:40%\">\n<figure class=\"wp-block-image size-large img-portrait\"><img decoding=\"async\" src=\"https:\/\/photos.smugmug.com\/Croatia\/Plitvice\/Parc-National\/Parcours-C\/i-4mnr7zZ\/1\/MxD3CTQ5zkWGmmxL9QmtW5W8fsbrKg9Vk3RzfVCqg\/S\/national%20park%20plitvice%20-%20program%20c-149-S.jpg\" alt=\"Plitvice\" title=\"\"\/><\/figure>\n<\/div>\n<\/div>\n\n\n\n<hr class=\"wp-block-separator has-text-color has-alpha-channel-opacity has-background is-style-wide hr-box-planif\" style=\"background-color:#ccd3dd;color:#ccd3dd\"\/>\n\n\n\n<div class=\"wp-block-columns box_sans_border is-layout-flex wp-container-core-columns-is-layout-8f761849 wp-block-columns-is-layout-flex\">\n<div class=\"wp-block-column texte_planif is-layout-flow wp-block-column-is-layout-flow\" style=\"flex-basis:60%\">\n<ul class=\"wp-block-list\">\n<li><strong>Praktiska r\u00e5d<\/strong><\/li>\n<\/ul>\n\n\n\n<p class=\"wp-block-paragraph\" style=\"font-size:14px\"><br\/>N\u00e4r ska man \u00e5ka? <br\/>Hur hyr man en bil i Kroatien?<br\/>Tips f\u00f6r bilk\u00f6rning<\/p>\n\n\n\n<p class=\"wp-block-paragraph\" style=\"font-size:14px\">Resv\u00e4gar <br\/>-bilresa: 10 dagar \u2013 2 veckor \u2013 3 veckor<\/p>\n<\/div>\n\n\n\n<div class=\"wp-block-column is-vertically-aligned-top planif-radius is-layout-flow wp-block-column-is-layout-flow\" style=\"flex-basis:40%\">\n<figure class=\"wp-block-image size-large img-portrait\"><img decoding=\"async\" src=\"https:\/\/photos.smugmug.com\/Croatia\/Extra\/i-GLC6J3F\/0\/MRz6mFPrND2n3MxF4FTkGWmsGwCQS8kXw7hMD4T8s\/S\/drive%20croatie-S.jpg\" alt=\"Att k&#xF6;ra bil i Kroatien\" title=\"\"\/><\/figure>\n<\/div>\n<\/div>\n\n\n\n<hr class=\"wp-block-separator has-text-color has-alpha-channel-opacity has-background is-style-wide hr-box-planif\" style=\"background-color:#ccd3dd;color:#ccd3dd\"\/>\n\n\n\n<div class=\"wp-block-columns box_sans_border is-layout-flex wp-container-core-columns-is-layout-8f761849 wp-block-columns-is-layout-flex\">\n<div class=\"wp-block-column texte_planif is-layout-flow wp-block-column-is-layout-flow\" style=\"flex-basis:60%\">\n<ul class=\"wp-block-list\">\n<li><strong>Det du m\u00e5ste ha<\/strong><\/li>\n<\/ul>\n\n\n\n<p class=\"wp-block-paragraph\" style=\"font-size:14px\"><a href=\"https:\/\/croatialovers.com\/sv\/sevardheter-dubrovnik-att-gora\/\" data-type=\"post\" data-id=\"2888\" target=\"_blank\" rel=\"noreferrer noopener\">Sev\u00e4rdheter i Dubrovnik<\/a><br\/><a href=\"https:\/\/croatialovers.com\/sv\/sevardheter-zadar-att-gora\/\" data-type=\"post\" data-id=\"2859\" target=\"_blank\" rel=\"noreferrer noopener\">Sev\u00e4rdheter i Zadar<\/a><br\/><a href=\"https:\/\/croatialovers.com\/sv\/sevardheter-split-att-gora\/\" data-type=\"post\" data-id=\"5121\" target=\"_blank\" rel=\"noreferrer noopener\">Sev\u00e4rdheter i Split<\/a><br\/>Sev\u00e4rdheter i Zagreb<br\/><a href=\"https:\/\/croatialovers.com\/sv\/sevardheter-istrien-besok\/\" data-type=\"post\" data-id=\"2777\" target=\"_blank\" rel=\"noreferrer noopener\">Sev\u00e4rdheter i Istrien<\/a><br\/><a href=\"https:\/\/croatialovers.com\/sv\/national-park-plitvice-kroatien\/\" data-type=\"post\" data-id=\"2541\" target=\"_blank\" rel=\"noreferrer noopener\">Plitvice-sj\u00f6arna<\/a><br\/><\/p>\n<\/div>\n\n\n\n<div class=\"wp-block-column is-vertically-aligned-top planif-radius is-layout-flow wp-block-column-is-layout-flow\" style=\"flex-basis:40%\">\n<figure class=\"wp-block-image size-large img-portrait\"><img decoding=\"async\" src=\"https:\/\/photos.smugmug.com\/Croatia\/Dubrovnik\/Best\/i-ZpPLHDP\/0\/Kq3fM6kjPnkNQhKMjpwZ645bpH3J3kkSDQg4ztHJB\/S\/IMG_7968-S.jpg\" alt=\"Dubrovnik\" title=\"\"\/><\/figure>\n<\/div>\n<\/div>\n\n\n\n<div style=\"height:30px\" aria-hidden=\"true\" class=\"wp-block-spacer\"><\/div>\n<\/div><\/div><\/div>\n\n<div class=\"wp-block-genesis-blocks-gb-container box_auteur_voyage gb-block-container\"><div class=\"gb-container-inside\"><div class=\"gb-container-content\">\n<figure class=\"wp-block-image size-large img_auteur_voyage img_provisoire\"><a href=\"https:\/\/normandielovers.fr\/claire-robinson\/\" target=\"_blank\" rel=\"noreferrer noopener\"><img decoding=\"async\" src=\"https:\/\/photos.smugmug.com\/Region-Lovers\/Equipe\/i-nsNF6C6\/0\/Cs2F5n96pkt9xFD9D3SVqmQspMhrKgN75nHgBqmjG\/L\/Claire-L.png\" alt=\"\"\/><\/a><\/figure>\n\n\n\n<h5 class=\"titre_auteur_voyage\"><span>HON SKREV ARTIKELN\n <\/span><span class=\"titre_box_manuscrit\">Claire<\/span><\/h5>\n<\/div><\/div><\/div>\n\n<p class=\"wp-block-paragraph\"><\/p>\n","protected":false},"excerpt":{"rendered":"<p>Sankt Laurentius-katedralen i Trogir \u00e4r det mest imponerande monumentet i denna gamla stad, som \u00e4r upptagen p\u00e5 UNESCO:s v\u00e4rldsarvslista. Denna katolska basilika med tre skepp f\u00f6renar p\u00e5 ett harmoniskt s\u00e4tt den romanska och den gotiska stilen och utg\u00f6r ett enast\u00e5ende vittnesb\u00f6rd om regionens arkitektoniska historia. I den h\u00e4r artikeln delar vi med oss av v\u00e5ra [&hellip;]<\/p>\n","protected":false},"author":2,"featured_media":5929,"comment_status":"closed","ping_status":"closed","sticky":false,"template":"","format":"standard","meta":{"_genesis_hide_title":false,"_genesis_hide_breadcrumbs":false,"_genesis_hide_singular_image":false,"_genesis_hide_footer_widgets":false,"_genesis_custom_body_class":"","_genesis_custom_post_class":"","_genesis_layout":"","footnotes":""},"categories":[30],"tags":[],"class_list":["post-5952","post","type-post","status-publish","format-standard","has-post-thumbnail","category-okategoriserad","entry"],"yoast_head":"<!-- This site is optimized with the Yoast SEO plugin v28.3 - https:\/\/yoast.com\/product\/yoast-seo-wordpress\/ -->\n<title>Saint-Laurent-katedralen (Trogir): bes\u00f6k + bilder<\/title>\n<meta name=\"description\" content=\"V\u00e5ra tips och bilder f\u00f6r ett bes\u00f6k i Sankt Laurentius-katedralen i Trogir: hur man tar sig dit, sev\u00e4rdheter, praktisk information\" \/>\n<meta name=\"robots\" content=\"index, follow, max-snippet:-1, max-image-preview:large, max-video-preview:-1\" \/>\n<link rel=\"canonical\" href=\"https:\/\/croatialovers.com\/sv\/besoka-katedralen-sankt-laurentius-trogir\/\" \/>\n<meta property=\"og:locale\" content=\"sv_SE\" \/>\n<meta property=\"og:type\" content=\"article\" \/>\n<meta property=\"og:title\" content=\"Saint-Laurent-katedralen (Trogir): bes\u00f6k + bilder\" \/>\n<meta property=\"og:description\" content=\"V\u00e5ra tips och bilder f\u00f6r ett bes\u00f6k i Sankt Laurentius-katedralen i Trogir: hur man tar sig dit, sev\u00e4rdheter, praktisk information\" \/>\n<meta property=\"og:url\" content=\"https:\/\/croatialovers.com\/sv\/besoka-katedralen-sankt-laurentius-trogir\/\" \/>\n<meta property=\"og:site_name\" content=\"Croatia Lovers\" \/>\n<meta property=\"article:published_time\" content=\"2026-08-31T13:53:38+00:00\" \/>\n<meta property=\"article:modified_time\" content=\"2026-08-31T14:01:09+00:00\" \/>\n<meta property=\"og:image\" content=\"https:\/\/croatialovers.com\/wp-content\/uploads\/2026\/08\/besok-katedral-saint-laurent-trogir.jpeg\" \/>\n\t<meta property=\"og:image:width\" content=\"800\" \/>\n\t<meta property=\"og:image:height\" content=\"600\" \/>\n\t<meta property=\"og:image:type\" content=\"image\/jpeg\" \/>\n<meta name=\"author\" content=\"Claire\" \/>\n<meta name=\"twitter:card\" content=\"summary_large_image\" \/>\n<meta name=\"twitter:label1\" content=\"Written by\" \/>\n\t<meta name=\"twitter:data1\" content=\"Claire\" \/>\n\t<meta name=\"twitter:label2\" content=\"Est. reading time\" \/>\n\t<meta name=\"twitter:data2\" content=\"13 minuter\" \/>\n<script type=\"application\/ld+json\" class=\"yoast-schema-graph\">{\"@context\":\"https:\\\/\\\/schema.org\",\"@graph\":[{\"@type\":\"Article\",\"@id\":\"https:\\\/\\\/croatialovers.com\\\/sv\\\/besoka-katedralen-sankt-laurentius-trogir\\\/#article\",\"isPartOf\":{\"@id\":\"https:\\\/\\\/croatialovers.com\\\/sv\\\/besoka-katedralen-sankt-laurentius-trogir\\\/\"},\"author\":{\"name\":\"Claire\",\"@id\":\"https:\\\/\\\/croatialovers.com\\\/sv\\\/#\\\/schema\\\/person\\\/45858a7b241e57416d6daba143117890\"},\"headline\":\"Sankt-Laurentius-katedralen (Trogir): bes\u00f6k + bilder\",\"datePublished\":\"2026-08-31T13:53:38+00:00\",\"dateModified\":\"2026-08-31T14:01:09+00:00\",\"mainEntityOfPage\":{\"@id\":\"https:\\\/\\\/croatialovers.com\\\/sv\\\/besoka-katedralen-sankt-laurentius-trogir\\\/\"},\"wordCount\":2671,\"publisher\":{\"@id\":\"https:\\\/\\\/croatialovers.com\\\/sv\\\/#organization\"},\"image\":{\"@id\":\"https:\\\/\\\/croatialovers.com\\\/sv\\\/besoka-katedralen-sankt-laurentius-trogir\\\/#primaryimage\"},\"thumbnailUrl\":\"https:\\\/\\\/croatialovers.com\\\/wp-content\\\/uploads\\\/2026\\\/08\\\/besok-katedral-saint-laurent-trogir.jpeg\",\"articleSection\":[\"Okategoriserad\"],\"inLanguage\":\"sv-SE\"},{\"@type\":\"WebPage\",\"@id\":\"https:\\\/\\\/croatialovers.com\\\/sv\\\/besoka-katedralen-sankt-laurentius-trogir\\\/\",\"url\":\"https:\\\/\\\/croatialovers.com\\\/sv\\\/besoka-katedralen-sankt-laurentius-trogir\\\/\",\"name\":\"Saint-Laurent-katedralen (Trogir): bes\u00f6k + bilder\",\"isPartOf\":{\"@id\":\"https:\\\/\\\/croatialovers.com\\\/sv\\\/#website\"},\"primaryImageOfPage\":{\"@id\":\"https:\\\/\\\/croatialovers.com\\\/sv\\\/besoka-katedralen-sankt-laurentius-trogir\\\/#primaryimage\"},\"image\":{\"@id\":\"https:\\\/\\\/croatialovers.com\\\/sv\\\/besoka-katedralen-sankt-laurentius-trogir\\\/#primaryimage\"},\"thumbnailUrl\":\"https:\\\/\\\/croatialovers.com\\\/wp-content\\\/uploads\\\/2026\\\/08\\\/besok-katedral-saint-laurent-trogir.jpeg\",\"datePublished\":\"2026-08-31T13:53:38+00:00\",\"dateModified\":\"2026-08-31T14:01:09+00:00\",\"description\":\"V\u00e5ra tips och bilder f\u00f6r ett bes\u00f6k i Sankt Laurentius-katedralen i Trogir: hur man tar sig dit, sev\u00e4rdheter, praktisk information\",\"breadcrumb\":{\"@id\":\"https:\\\/\\\/croatialovers.com\\\/sv\\\/besoka-katedralen-sankt-laurentius-trogir\\\/#breadcrumb\"},\"inLanguage\":\"sv-SE\",\"potentialAction\":[{\"@type\":\"ReadAction\",\"target\":[\"https:\\\/\\\/croatialovers.com\\\/sv\\\/besoka-katedralen-sankt-laurentius-trogir\\\/\"]}]},{\"@type\":\"ImageObject\",\"inLanguage\":\"sv-SE\",\"@id\":\"https:\\\/\\\/croatialovers.com\\\/sv\\\/besoka-katedralen-sankt-laurentius-trogir\\\/#primaryimage\",\"url\":\"https:\\\/\\\/croatialovers.com\\\/wp-content\\\/uploads\\\/2026\\\/08\\\/besok-katedral-saint-laurent-trogir.jpeg\",\"contentUrl\":\"https:\\\/\\\/croatialovers.com\\\/wp-content\\\/uploads\\\/2026\\\/08\\\/besok-katedral-saint-laurent-trogir.jpeg\",\"width\":800,\"height\":600,\"caption\":\"bes\u00f6ka Sankt Laurentius-katedralen i Trogir\"},{\"@type\":\"BreadcrumbList\",\"@id\":\"https:\\\/\\\/croatialovers.com\\\/sv\\\/besoka-katedralen-sankt-laurentius-trogir\\\/#breadcrumb\",\"itemListElement\":[{\"@type\":\"ListItem\",\"position\":1,\"name\":\"Hem\",\"item\":\"https:\\\/\\\/croatialovers.com\\\/sv\\\/\"},{\"@type\":\"ListItem\",\"position\":2,\"name\":\"Okategoriserad\",\"item\":\"https:\\\/\\\/croatialovers.com\\\/sv\\\/category\\\/okategoriserad\\\/\"},{\"@type\":\"ListItem\",\"position\":3,\"name\":\"Sankt-Laurentius-katedralen (Trogir): bes\u00f6k + bilder\"}]},{\"@type\":\"WebSite\",\"@id\":\"https:\\\/\\\/croatialovers.com\\\/sv\\\/#website\",\"url\":\"https:\\\/\\\/croatialovers.com\\\/sv\\\/\",\"name\":\"Croatia Lovers\",\"description\":\"Pour r\u00e9veiller vos sens en Croatie - Le blog de Claire et Manu\",\"publisher\":{\"@id\":\"https:\\\/\\\/croatialovers.com\\\/sv\\\/#organization\"},\"potentialAction\":[{\"@type\":\"SearchAction\",\"target\":{\"@type\":\"EntryPoint\",\"urlTemplate\":\"https:\\\/\\\/croatialovers.com\\\/sv\\\/?s={search_term_string}\"},\"query-input\":{\"@type\":\"PropertyValueSpecification\",\"valueRequired\":true,\"valueName\":\"search_term_string\"}}],\"inLanguage\":\"sv-SE\"},{\"@type\":\"Organization\",\"@id\":\"https:\\\/\\\/croatialovers.com\\\/sv\\\/#organization\",\"name\":\"Croatia Lovers\",\"url\":\"https:\\\/\\\/croatialovers.com\\\/sv\\\/\",\"logo\":{\"@type\":\"ImageObject\",\"inLanguage\":\"sv-SE\",\"@id\":\"https:\\\/\\\/croatialovers.com\\\/sv\\\/#\\\/schema\\\/logo\\\/image\\\/\",\"url\":\"https:\\\/\\\/croatialovers.com\\\/wp-content\\\/uploads\\\/2025\\\/07\\\/cropped-Croatia-Lovers-Logo-principal_bicolore.bicolore.png\",\"contentUrl\":\"https:\\\/\\\/croatialovers.com\\\/wp-content\\\/uploads\\\/2025\\\/07\\\/cropped-Croatia-Lovers-Logo-principal_bicolore.bicolore.png\",\"width\":2350,\"height\":401,\"caption\":\"Croatia Lovers\"},\"image\":{\"@id\":\"https:\\\/\\\/croatialovers.com\\\/sv\\\/#\\\/schema\\\/logo\\\/image\\\/\"}},{\"@type\":\"Person\",\"@id\":\"https:\\\/\\\/croatialovers.com\\\/sv\\\/#\\\/schema\\\/person\\\/45858a7b241e57416d6daba143117890\",\"name\":\"Claire\",\"image\":{\"@type\":\"ImageObject\",\"inLanguage\":\"sv-SE\",\"@id\":\"https:\\\/\\\/secure.gravatar.com\\\/avatar\\\/e3566233826c32de8d7c9ef726a1087654b12cadb092acc17ee1d357687192ff?s=96&d=mm&r=g\",\"url\":\"https:\\\/\\\/secure.gravatar.com\\\/avatar\\\/e3566233826c32de8d7c9ef726a1087654b12cadb092acc17ee1d357687192ff?s=96&d=mm&r=g\",\"contentUrl\":\"https:\\\/\\\/secure.gravatar.com\\\/avatar\\\/e3566233826c32de8d7c9ef726a1087654b12cadb092acc17ee1d357687192ff?s=96&d=mm&r=g\",\"caption\":\"Claire\"},\"url\":\"https:\\\/\\\/croatialovers.com\\\/sv\\\/author\\\/claireregionlovers-fr\\\/\"}]}<\/script>\n<!-- \/ Yoast SEO plugin. -->","yoast_head_json":{"title":"Saint-Laurent-katedralen (Trogir): bes\u00f6k + bilder","description":"V\u00e5ra tips och bilder f\u00f6r ett bes\u00f6k i Sankt Laurentius-katedralen i Trogir: hur man tar sig dit, sev\u00e4rdheter, praktisk information","robots":{"index":"index","follow":"follow","max-snippet":"max-snippet:-1","max-image-preview":"max-image-preview:large","max-video-preview":"max-video-preview:-1"},"canonical":"https:\/\/croatialovers.com\/sv\/besoka-katedralen-sankt-laurentius-trogir\/","og_locale":"sv_SE","og_type":"article","og_title":"Saint-Laurent-katedralen (Trogir): bes\u00f6k + bilder","og_description":"V\u00e5ra tips och bilder f\u00f6r ett bes\u00f6k i Sankt Laurentius-katedralen i Trogir: hur man tar sig dit, sev\u00e4rdheter, praktisk information","og_url":"https:\/\/croatialovers.com\/sv\/besoka-katedralen-sankt-laurentius-trogir\/","og_site_name":"Croatia Lovers","article_published_time":"2026-08-31T13:53:38+00:00","article_modified_time":"2026-08-31T14:01:09+00:00","og_image":[{"width":800,"height":600,"url":"https:\/\/croatialovers.com\/wp-content\/uploads\/2026\/08\/besok-katedral-saint-laurent-trogir.jpeg","type":"image\/jpeg"}],"author":"Claire","twitter_card":"summary_large_image","twitter_misc":{"Written by":"Claire","Est. reading time":"13 minuter"},"schema":{"@context":"https:\/\/schema.org","@graph":[{"@type":"Article","@id":"https:\/\/croatialovers.com\/sv\/besoka-katedralen-sankt-laurentius-trogir\/#article","isPartOf":{"@id":"https:\/\/croatialovers.com\/sv\/besoka-katedralen-sankt-laurentius-trogir\/"},"author":{"name":"Claire","@id":"https:\/\/croatialovers.com\/sv\/#\/schema\/person\/45858a7b241e57416d6daba143117890"},"headline":"Sankt-Laurentius-katedralen (Trogir): bes\u00f6k + bilder","datePublished":"2026-08-31T13:53:38+00:00","dateModified":"2026-08-31T14:01:09+00:00","mainEntityOfPage":{"@id":"https:\/\/croatialovers.com\/sv\/besoka-katedralen-sankt-laurentius-trogir\/"},"wordCount":2671,"publisher":{"@id":"https:\/\/croatialovers.com\/sv\/#organization"},"image":{"@id":"https:\/\/croatialovers.com\/sv\/besoka-katedralen-sankt-laurentius-trogir\/#primaryimage"},"thumbnailUrl":"https:\/\/croatialovers.com\/wp-content\/uploads\/2026\/08\/besok-katedral-saint-laurent-trogir.jpeg","articleSection":["Okategoriserad"],"inLanguage":"sv-SE"},{"@type":"WebPage","@id":"https:\/\/croatialovers.com\/sv\/besoka-katedralen-sankt-laurentius-trogir\/","url":"https:\/\/croatialovers.com\/sv\/besoka-katedralen-sankt-laurentius-trogir\/","name":"Saint-Laurent-katedralen (Trogir): bes\u00f6k + bilder","isPartOf":{"@id":"https:\/\/croatialovers.com\/sv\/#website"},"primaryImageOfPage":{"@id":"https:\/\/croatialovers.com\/sv\/besoka-katedralen-sankt-laurentius-trogir\/#primaryimage"},"image":{"@id":"https:\/\/croatialovers.com\/sv\/besoka-katedralen-sankt-laurentius-trogir\/#primaryimage"},"thumbnailUrl":"https:\/\/croatialovers.com\/wp-content\/uploads\/2026\/08\/besok-katedral-saint-laurent-trogir.jpeg","datePublished":"2026-08-31T13:53:38+00:00","dateModified":"2026-08-31T14:01:09+00:00","description":"V\u00e5ra tips och bilder f\u00f6r ett bes\u00f6k i Sankt Laurentius-katedralen i Trogir: hur man tar sig dit, sev\u00e4rdheter, praktisk information","breadcrumb":{"@id":"https:\/\/croatialovers.com\/sv\/besoka-katedralen-sankt-laurentius-trogir\/#breadcrumb"},"inLanguage":"sv-SE","potentialAction":[{"@type":"ReadAction","target":["https:\/\/croatialovers.com\/sv\/besoka-katedralen-sankt-laurentius-trogir\/"]}]},{"@type":"ImageObject","inLanguage":"sv-SE","@id":"https:\/\/croatialovers.com\/sv\/besoka-katedralen-sankt-laurentius-trogir\/#primaryimage","url":"https:\/\/croatialovers.com\/wp-content\/uploads\/2026\/08\/besok-katedral-saint-laurent-trogir.jpeg","contentUrl":"https:\/\/croatialovers.com\/wp-content\/uploads\/2026\/08\/besok-katedral-saint-laurent-trogir.jpeg","width":800,"height":600,"caption":"bes\u00f6ka Sankt Laurentius-katedralen i Trogir"},{"@type":"BreadcrumbList","@id":"https:\/\/croatialovers.com\/sv\/besoka-katedralen-sankt-laurentius-trogir\/#breadcrumb","itemListElement":[{"@type":"ListItem","position":1,"name":"Hem","item":"https:\/\/croatialovers.com\/sv\/"},{"@type":"ListItem","position":2,"name":"Okategoriserad","item":"https:\/\/croatialovers.com\/sv\/category\/okategoriserad\/"},{"@type":"ListItem","position":3,"name":"Sankt-Laurentius-katedralen (Trogir): bes\u00f6k + bilder"}]},{"@type":"WebSite","@id":"https:\/\/croatialovers.com\/sv\/#website","url":"https:\/\/croatialovers.com\/sv\/","name":"Croatia Lovers","description":"Pour r\u00e9veiller vos sens en Croatie - Le blog de Claire et Manu","publisher":{"@id":"https:\/\/croatialovers.com\/sv\/#organization"},"potentialAction":[{"@type":"SearchAction","target":{"@type":"EntryPoint","urlTemplate":"https:\/\/croatialovers.com\/sv\/?s={search_term_string}"},"query-input":{"@type":"PropertyValueSpecification","valueRequired":true,"valueName":"search_term_string"}}],"inLanguage":"sv-SE"},{"@type":"Organization","@id":"https:\/\/croatialovers.com\/sv\/#organization","name":"Croatia Lovers","url":"https:\/\/croatialovers.com\/sv\/","logo":{"@type":"ImageObject","inLanguage":"sv-SE","@id":"https:\/\/croatialovers.com\/sv\/#\/schema\/logo\/image\/","url":"https:\/\/croatialovers.com\/wp-content\/uploads\/2025\/07\/cropped-Croatia-Lovers-Logo-principal_bicolore.bicolore.png","contentUrl":"https:\/\/croatialovers.com\/wp-content\/uploads\/2025\/07\/cropped-Croatia-Lovers-Logo-principal_bicolore.bicolore.png","width":2350,"height":401,"caption":"Croatia Lovers"},"image":{"@id":"https:\/\/croatialovers.com\/sv\/#\/schema\/logo\/image\/"}},{"@type":"Person","@id":"https:\/\/croatialovers.com\/sv\/#\/schema\/person\/45858a7b241e57416d6daba143117890","name":"Claire","image":{"@type":"ImageObject","inLanguage":"sv-SE","@id":"https:\/\/secure.gravatar.com\/avatar\/e3566233826c32de8d7c9ef726a1087654b12cadb092acc17ee1d357687192ff?s=96&d=mm&r=g","url":"https:\/\/secure.gravatar.com\/avatar\/e3566233826c32de8d7c9ef726a1087654b12cadb092acc17ee1d357687192ff?s=96&d=mm&r=g","contentUrl":"https:\/\/secure.gravatar.com\/avatar\/e3566233826c32de8d7c9ef726a1087654b12cadb092acc17ee1d357687192ff?s=96&d=mm&r=g","caption":"Claire"},"url":"https:\/\/croatialovers.com\/sv\/author\/claireregionlovers-fr\/"}]}},"featured_image_src":"https:\/\/croatialovers.com\/wp-content\/uploads\/2026\/08\/besok-katedral-saint-laurent-trogir-600x400.jpeg","featured_image_src_square":"https:\/\/croatialovers.com\/wp-content\/uploads\/2026\/08\/besok-katedral-saint-laurent-trogir-600x600.jpeg","author_info":{"display_name":"Claire","author_link":"https:\/\/croatialovers.com\/sv\/author\/claireregionlovers-fr\/"},"_links":{"self":[{"href":"https:\/\/croatialovers.com\/sv\/wp-json\/wp\/v2\/posts\/5952","targetHints":{"allow":["GET"]}}],"collection":[{"href":"https:\/\/croatialovers.com\/sv\/wp-json\/wp\/v2\/posts"}],"about":[{"href":"https:\/\/croatialovers.com\/sv\/wp-json\/wp\/v2\/types\/post"}],"author":[{"embeddable":true,"href":"https:\/\/croatialovers.com\/sv\/wp-json\/wp\/v2\/users\/2"}],"replies":[{"embeddable":true,"href":"https:\/\/croatialovers.com\/sv\/wp-json\/wp\/v2\/comments?post=5952"}],"version-history":[{"count":3,"href":"https:\/\/croatialovers.com\/sv\/wp-json\/wp\/v2\/posts\/5952\/revisions"}],"predecessor-version":[{"id":5971,"href":"https:\/\/croatialovers.com\/sv\/wp-json\/wp\/v2\/posts\/5952\/revisions\/5971"}],"wp:featuredmedia":[{"embeddable":true,"href":"https:\/\/croatialovers.com\/sv\/wp-json\/wp\/v2\/media\/5929"}],"wp:attachment":[{"href":"https:\/\/croatialovers.com\/sv\/wp-json\/wp\/v2\/media?parent=5952"}],"wp:term":[{"taxonomy":"category","embeddable":true,"href":"https:\/\/croatialovers.com\/sv\/wp-json\/wp\/v2\/categories?post=5952"},{"taxonomy":"post_tag","embeddable":true,"href":"https:\/\/croatialovers.com\/sv\/wp-json\/wp\/v2\/tags?post=5952"}],"curies":[{"name":"wp","href":"https:\/\/api.w.org\/{rel}","templated":true}]}}