{"id":1237,"date":"2025-09-10T09:53:41","date_gmt":"2025-09-10T09:53:41","guid":{"rendered":"https:\/\/croatialovers.com\/orgue-des-mers-zadar\/"},"modified":"2025-11-26T08:11:04","modified_gmt":"2025-11-26T08:11:04","slug":"orgel-havets-zadar","status":"publish","type":"post","link":"https:\/\/croatialovers.com\/sv\/orgel-havets-zadar\/","title":{"rendered":"Havets orgel (Zadar): foton + tillg\u00e5ng"},"content":{"rendered":"\n<p>Bes\u00f6ker du Zadar? Missa inte Havsorgeln! Denna<strong> konstn\u00e4rliga musikinstallation <\/strong>omvandlar <strong>v\u00e5gornas<\/strong> naturliga r\u00f6relse till en f\u00f6rtrollande <strong>melodi<\/strong> och erbjuder en privilegierad stund med utsikt \u00f6ver Adriatiska havet.  <\/p>\n\n<p>I den h\u00e4r artikeln <strong>har vi sammanst\u00e4llt n\u00e5gra anv\u00e4ndbara tips<\/strong> som hj\u00e4lper dig att f\u00f6rbereda ditt bes\u00f6k<strong>p\u00e5 Organ of the Seas i Zadar <\/strong>och f\u00e5 ut det mesta av denna attraktion som du inte f\u00e5r missa.<\/p>\n\n<figure class=\"wp-block-image size-large\"><img decoding=\"async\" src=\"https:\/\/croatialovers.com\/wp-content\/uploads\/2025\/09\/besok-havorgel-zadar-se-1024x768.jpg\" alt=\"bes&#xF6;k-orgue-sea-zadar\" class=\"wp-image-1218\"\/><\/figure>\n\n<p>Detta \u00e4r en helt <strong>oberoende<\/strong> \u00e5sikt, baserad p\u00e5 v\u00e5r egen erfarenhet. Vi gjorde v\u00e5ra egna val, bes\u00f6kte regionen anonymt och betalade v\u00e5ra r\u00e4kningar till fullo.<\/p>\n\n<h2 class=\"wp-block-heading\">Varf\u00f6r bes\u00f6ka Havets orgel?<\/h2>\n\n<h3 class=\"wp-block-heading\">\u00c4r Havets orgel v\u00e4rt det? V\u00e5r \u00e5sikt:<\/h3>\n\n<p>Ja, Organ of the Seas i Zadar \u00e4r definitivt v\u00e4rt ett bes\u00f6k. Detta prisbel\u00f6nta verk av samtida konst, designat av arkitekten Nikola Ba\u0161i\u0107, symboliserar harmonin mellan konst och natur. Det best\u00e5r av 35 underjordiska r\u00f6r som \u00e4r integrerade under marmortrappor och som producerar ljud tack vare luftens och v\u00e5gornas flytkraft. Vi blev f\u00f6rf\u00f6rda av den unika sensoriska upplevelse som den erbjuder.   <\/p>\n\n<p>Precis bredvid orgeln finns ett annat verk av Nikola Ba\u0161i\u0107: &#8221;Salute to the Sun&#8221;, en cirkul\u00e4r installation som f\u00e5ngar upp dagsljuset f\u00f6r att skapa en ljusshow p\u00e5 natten.<\/p>\n\n<p class=\"has-text-align-center\">Organ of the Seas \u00e4r en av de b\u00e4sta attraktionerna i Zadar!<\/p>\n\n<figure class=\"wp-block-image size-large\"><img decoding=\"async\" src=\"https:\/\/photos.smugmug.com\/Croatia\/Zadar\/Orgue-des-Mers\/i-WFHthm7\/0\/LgjvhHVKqrLCKn2NkjTKRzSHjh9rkSgFgbhCkGwMX\/L\/zadar%20marine%20orguan-13-L.jpg\" alt=\"Orgue des Mers - steg\"\/><\/figure>\n\n<hr class=\"wp-block-separator has-text-color has-alpha-channel-opacity has-background is-style-wide\" style=\"background-color:#000000;color:#000000\"\/>\n\n<p class=\"has-text-align-center\"><strong>Uppt\u00e4ck Organ of the Seas och alla skatter i Zadar p\u00e5 en guidad tur!<br\/><a href=\"https:\/\/www.getyourguide.com\/zadar-l1328\/visite-a-pied-de-zadar-sponsorisee-par-gligora-cheese-deli-t477127?partner_id=R3GYW4V&amp;cmp=croatia\" target=\"_blank\" rel=\"noreferrer noopener sponsored nofollow\">&#8211; Njut av en informativ och lugn promenad f\u00f6r att uppt\u00e4cka Zadars historia<br\/><\/a><a href=\"https:\/\/www.getyourguide.com\/zadar-l1328\/zadar-les-joyaux-caches-eco-tuk-tuk-tour-t415706?partner_id=R3GYW4V&amp;cmp=croatia\" target=\"_blank\" rel=\"noreferrer noopener sponsored nofollow\">&#8211; Bes\u00f6k de dolda p\u00e4rlorna i Zadar p\u00e5 en guidad Eco Tuk Tuk-tur<\/a><\/strong><\/p>\n\n<hr class=\"wp-block-separator has-text-color has-alpha-channel-opacity has-background is-style-wide\" style=\"background-color:#000000;color:#000000\"\/>\n\n<h3 class=\"wp-block-heading\">Varf\u00f6r \u00e4r Orgue des Mers s\u00e5 k\u00e4nt?<\/h3>\n\n<p>Orgeln, som invigdes 2005 och \u00e4r ritad av arkitekten Nikola Ba\u0161i\u0107, best\u00e5r av 35 polyuretanr\u00f6r som \u00e4r g\u00f6mda under marmortrappan som leder ner till havet. Dessa r\u00f6r f\u00e5ngar upp v\u00e5gornas tryck och den utdrivna luften f\u00f6r att skapa en f\u00f6r\u00e4nderlig melodi, i perfekt symbios med den maritima milj\u00f6n. Verket bel\u00f6nades med European Urban Public Space Prize 2006, vilket understryker dess kulturella och arkitektoniska betydelse.  <\/p>\n\n<p>Ut\u00f6ver sin konstn\u00e4rliga dimension har Organ of the Seas blivit en stark symbol f\u00f6r Zadar, uppskattad av b\u00e5de lokalbefolkningen och bes\u00f6kare f\u00f6r sin f\u00f6rm\u00e5ga att erbjuda en stund av lugn och kontemplation. Kombinationen av konst, natur och teknik kommer att \u00f6vertyga dig och g\u00f6ra denna installation till en upplevelse som du inte f\u00e5r missa under din vistelse i Zadar. <\/p>\n\n<figure class=\"wp-block-image size-large\"><img decoding=\"async\" src=\"https:\/\/photos.smugmug.com\/Croatia\/Zadar\/Orgue-des-Mers\/i-QsbrhPS\/0\/LpWQ9pL5QmKkxD9CW65zH6qfZcBMj7JVkqSHBf5K9\/L\/zadar%20marine%20orguan-05-L.jpg\" alt=\"Orgue des Mers - visa\"\/><\/figure>\n\n<h3 class=\"wp-block-heading\">V\u00e5ra favorit\u00f6gonblick<\/h3>\n\n<p>Under v\u00e5rt bes\u00f6k p\u00e5 Orgue des Mers var det flera \u00f6gonblick som s\u00e4rskilt slog oss:<\/p>\n\n<ul class=\"wp-block-list\">\n<li><strong>Lyssna till orgelns naturliga melodi:<\/strong> ljuden fr\u00e5n v\u00e5gorna och vinden genom r\u00f6ren under strandpromenaden \u00e4r lugnande och fascinerande. Varje \u00f6gonblick \u00e4r unikt, eftersom musiken \u00e4ndras beroende p\u00e5 v\u00e5gornas styrka och v\u00e4dret. <\/li>\n\n\n\n<li><strong>En promenad l\u00e4ngs Riva:<\/strong> att promenera l\u00e4ngs denna strandpromenad l\u00e4ngs Adriatiska havet till Orgue des Mers i slutet var b\u00e5de avkopplande och inspirerande.<\/li>\n\n\n\n<li><strong>Att se solen<\/strong> g\u00e5 ner p\u00e5 strandpromenaden, badande i gyllene och orange nyanser, samtidigt som man vaggas till s\u00f6mns av orgelns ljud, var ett djupt r\u00f6rande och minnesv\u00e4rt \u00f6gonblick.<\/li>\n<\/ul>\n\n<figure class=\"wp-block-image size-large\"><img decoding=\"async\" src=\"https:\/\/photos.smugmug.com\/Croatia\/Zadar\/Orgue-des-Mers\/i-TmBmLFV\/0\/Kmp6ZCGF9Bqp5nwkJP37Qd3BwXgVTWCdsXdr5mJmg\/L\/zadar%20marine%20orguan-04-L.jpg\" alt=\"Orgue des Mers - landskap\"\/><figcaption class=\"wp-element-caption\">Landskap sett fr\u00e5n orgeln<\/figcaption><\/figure>\n\n<h3 class=\"wp-block-heading\">Historia i korthet<\/h3>\n\n<p>Zadar Organ of the Seas, som invigdes 2005, utformades som en del av ombyggnaden av strandpromenaden efter sj\u00e4lvst\u00e4ndighetskriget. Den f\u00f6ddes ur en \u00f6nskan att bl\u00e5sa nytt liv i <em>Riva<\/em> Promenade och inbjuda till kontemplation. Sedan den skapades har orgeln blivit en av Zadars poetiska symboler, som kombinerar konst, natur och arkitektur.  <\/p>\n\n<figure class=\"wp-block-image size-large\"><img decoding=\"async\" src=\"https:\/\/photos.smugmug.com\/Croatia\/Zadar\/Orgue-des-Mers\/i-v7bHTz6\/0\/NSFtFJfJg7MzL2ND3kRMw5DT96XmBN5JqvDpCbR2k\/L\/zadar%20marine%20orguan-11-L.jpg\" alt=\"Orgue des Mers - vy framifr&#xE5;n\"\/><\/figure>\n\n<div style=\"margin-top:8%;margin-bottom:8%\" class=\"wp-block-genesis-blocks-gb-container box gb-block-container\"><div class=\"gb-container-inside\"><div class=\"gb-container-content\" style=\"max-width:700px\">\n<div class=\"wp-block-genesis-blocks-gb-container box_titre gb-block-container\"><div class=\"gb-container-inside\"><div class=\"gb-container-content\">\n<h5 class=\"titre_box\" style=\"padding-top:10px;\">VAR KAN MAN BO I <span class=\"titre_box_manuscrit\">Zadar<\/span><\/h5>\n<\/div><\/div><\/div>\n\n\n\n<hr class=\"wp-block-separator has-text-color has-alpha-channel-opacity has-background is-style-wide hr-box-planif\" style=\"background-color:#ccd3dd;color:#ccd3dd\"\/>\n\n\n\n<div class=\"wp-block-columns box_sans_border is-layout-flex wp-container-core-columns-is-layout-9d6595d7 wp-block-columns-is-layout-flex\">\n<div class=\"wp-block-column texte_planif is-layout-flow wp-block-column-is-layout-flow\" style=\"font-size:14px;flex-basis:60%\">\n<p class=\"option_titre2\">V\u00e5ra favoriter: stadsdelar och hotell<\/p>\n\n\n\n<p style=\"font-size:16px\"><strong>Historiska centrum<\/strong><br\/>Bastion Heritage Hotel &#8211; <a href=\"https:\/\/www.booking.com\/hotel\/hr\/bastion.html?aid=2433338\" target=\"_blank\" rel=\"noreferrer noopener sponsored nofollow\">Se foton och tillg\u00e4nglighet<\/a><\/p>\n\n\n\n<p style=\"font-size:16px\"><strong>Marina de Borik<\/strong><br\/>Hyatt Regency Zadar Hotel &#8211; <a href=\"https:\/\/www.booking.com\/hotel\/hr\/hyatt-regency-zadar.html?aid=2433338\" target=\"_blank\" rel=\"noreferrer noopener sponsored nofollow\">Se foton och tillg\u00e4nglighet<\/a><\/p>\n\n\n\n<p style=\"font-size:16px\"><strong>Vid kusten<\/strong><br\/>Hotel Falkensteiner Hotel &amp; Spa Iadera &#8211; <a href=\"https:\/\/www.booking.com\/hotel\/hr\/falkensteiner-spa-iadera.html?aid=2433338\" target=\"_blank\" rel=\"noreferrer noopener sponsored nofollow\">Se foton och tillg\u00e4nglighet<\/a><\/p>\n<\/div>\n\n\n\n<div class=\"wp-block-column is-vertically-aligned-top planif-radius is-layout-flow wp-block-column-is-layout-flow\" style=\"flex-basis:40%\">\n<figure class=\"wp-block-image size-large img-portrait\"><img decoding=\"async\" src=\"https:\/\/photos.smugmug.com\/Croatia\/Zadar\/Hotel-Falkensteiner\/i-3Nbjcws\/0\/MGtdppBmDt3JNqTzzFXvcsJ68Rxcs6x84Txg8VZfP\/S\/croatia-zadar-hotel-falkensteiner-3-S.jpg\" alt=\"Hotell i Zadar\" title=\"\"\/><\/figure>\n<\/div>\n<\/div>\n\n\n\n<p class=\"has-text-align-center has-normal-font-size\"><a href=\"https:\/\/croatialovers.com\/sv\/var-kan-bo-zadar-basta-hotellen-stadsdelarna\/\" target=\"_blank\" rel=\"noreferrer noopener\">Se v\u00e5rt urval av de b\u00e4sta hotellen i Zadar<\/a><\/p>\n\n\n\n<div class=\"wp-block-buttons planif_bouton is-content-justification-center is-layout-flex wp-container-core-buttons-is-layout-16018d1d wp-block-buttons-is-layout-flex\">\n<div class=\"wp-block-button\"><a class=\"wp-block-button__link has-white-color has-text-color has-custom-font-size wp-element-button\" href=\"https:\/\/www.booking.com\/searchresults.html?city=-101499&amp;nflt=review_score%253D90%253Breview_score%253D80&amp;aid=2433338&amp;no_rooms=1&amp;group_adults=2\" style=\"border-radius:4px;font-size:14px\" target=\"_blank\" rel=\"noreferrer noopener nofollow\">Se alla tillg\u00e4ngliga boenden &gt;&gt;<\/a><\/div>\n<\/div>\n<\/div><\/div><\/div>\n\n<h2 class=\"wp-block-heading\">Hur man tar sig dit: Organ of the Seas, Zadar<\/h2>\n\n<h3 class=\"wp-block-heading\">Var ligger Orgue des Mers?<\/h3>\n\n<ul class=\"wp-block-list\">\n<li>Vid den norra \u00e4nden av Promenade Riva, som l\u00f6per l\u00e4ngs Adriatiska havet,<\/li>\n\n\n\n<li>I den historiska stadsk\u00e4rnan i Zadar,<\/li>\n\n\n\n<li>I omedelbar n\u00e4rhet av Nikola Ba\u0161i\u0107s andra verk: &#8221;Salute to the Sun&#8221;,<\/li>\n\n\n\n<li>N\u00e4ra till Zadars huvudattraktioner<\/li>\n<\/ul>\n\n<figure class=\"wp-block-image size-large\"><img decoding=\"async\" src=\"https:\/\/photos.smugmug.com\/Croatia\/Zadar\/Orgue-des-Mers\/i-pchpzXN\/0\/MzgwB9qCR4vCQL6xLgbvt9hCBsRJMCHsH5PRCSFgh\/L\/zadar%20marine%20orguan-22-L.jpg\" alt=\"Riva Promenade, Zadar\"\/><figcaption class=\"wp-element-caption\">Riva Promenade, Zadar<\/figcaption><\/figure>\n\n<h3 class=\"wp-block-heading\">Hur kommer jag dit?<\/h3>\n\n<p>Det ligger p\u00e5 bekv\u00e4mt <strong>g\u00e5ngavst\u00e5nd<\/strong> fr\u00e5n stadens huvudattraktioner, l\u00e4ngs Zadars strandpromenad: Riva, som erbjuder en trevlig promenad l\u00e4ngs kusten. Denna promenad leder upp till marmortrapporna d\u00e4r du hittar den unika ljudinstallationen av orgeln, vars pipor \u00e4r dolda under ytan. <\/p>\n\n<p>Orge des Mers \u00e4r inte f\u00f6rs\u00f6rjt med kollektivtrafik.<\/p>\n\n<figure class=\"wp-block-image size-large\"><img decoding=\"async\" src=\"https:\/\/photos.smugmug.com\/Croatia\/Zadar\/Orgue-des-Mers\/i-fWLWR8d\/0\/KLgN7N4s9rHsNkjZjn8LJ5cqt7PkDs96gfFbnBzfm\/L\/zadar%20marine%20orguan-07-L.jpg\" alt=\"Orgue des Mers - plakett\"\/><\/figure>\n\n<h3 class=\"wp-block-heading\">Parkeringsplats<\/h3>\n\n<p>Om du kommer med bil b\u00f6r du vara medveten om att det kan vara sv\u00e5rt att parkera i Zadars historiska centrum. Vi rekommenderar den n\u00e4rmaste parkeringen, som ligger n\u00e4ra den pittoreska hamnen i <em>Fo\u0161a<\/em>, d\u00e4r <em>Riva<\/em> b\u00f6rjar. H\u00e4rifr\u00e5n \u00e4r det 10 minuters promenad till orgeln.  <br\/><\/p>\n\n<div style=\"margin-top:8%;margin-bottom:8%\" class=\"wp-block-genesis-blocks-gb-container box gb-block-container\"><div class=\"gb-container-inside\"><div class=\"gb-container-content\">\n<div class=\"wp-block-columns inverse box_planif is-layout-flex wp-container-core-columns-is-layout-9d6595d7 wp-block-columns-is-layout-flex\">\n<div class=\"wp-block-column texte_planif is-layout-flow wp-block-column-is-layout-flow\" style=\"flex-basis:58%\">\n<h5 class=\"titre_box\">V\u00c5RA R\u00c5D F\u00d6R ATT HYRA BIL P\u00c5 <span class=\"titre_box_manuscrit\">\nKroatien<\/span><\/h5>\n\n\n\n<ul style=\"font-size:14px\" class=\"wp-block-list liste_voiture\">\n<li>J\u00e4mf\u00f6r priser p\u00e5 v\u00e5r f\u00f6redragna plattform: <a href=\"https:\/\/www.discovercars.com\/se\/croatia?a_aid=zigzag&amp;chan=croatia\" target=\"_blank\" rel=\"noreferrer noopener sponsored nofollow\">DiscoverCars<\/a> &#8211; en av de b\u00e4st rankade webbplatserna.<\/li>\n\n\n\n<li>V\u00e4lj en <strong>bil som \u00e4r tillr\u00e4ckligt kraftfull <\/strong>(v\u00e4garna \u00e4r branta) men tillr\u00e4ckligt <strong>kompakt<\/strong> (vissa passager \u00e4r smala).<\/li>\n\n\n\n<li>Det finns stor efterfr\u00e5gan, s\u00e5 <strong>boka tidigt<\/strong>.<\/li>\n<\/ul>\n<\/div>\n\n\n\n<div class=\"wp-block-column planif-radius-3 is-layout-flow wp-block-column-is-layout-flow\" style=\"flex-basis:42%\">\n<figure class=\"wp-block-image size-large is-resized\"><img decoding=\"async\" src=\"https:\/\/photos.smugmug.com\/Croatia\/Paklenica\/Rando-entr&#xE9;e-1\/i-Tzg4V6J\/0\/KXmXjZbtGwDbJrgcqktnpnrkcSSch3cnNBDJHcqWg\/S\/paklenica%20parc%20enter%201%20and%20hike-004-S.jpg\" alt=\"bil i Kroatien\" title=\"\"\/><\/figure>\n<\/div>\n<\/div>\n\n\n\n<div class=\"wp-block-columns planif_bouton is-layout-flex wp-container-core-columns-is-layout-9d6595d7 wp-block-columns-is-layout-flex\">\n<div class=\"wp-block-column is-layout-flow wp-block-column-is-layout-flow\" style=\"flex-basis:50%\">\n<div class=\"wp-block-buttons is-content-justification-center is-layout-flex wp-container-core-buttons-is-layout-16018d1d wp-block-buttons-is-layout-flex\">\n<div class=\"wp-block-button\"><a class=\"wp-block-button__link has-white-color has-text-color has-custom-font-size wp-element-button\" href=\"https:\/\/www.discovercars.com\/se\/croatia?a_aid=zigzag&amp;chan=croatia\" style=\"border-radius:4px;font-size:14px\" target=\"_blank\" rel=\"noreferrer noopener nofollow\">Se bilarna<img decoding=\"async\" class=\"wp-image-2851\" style=\"width: 16px;\" src=\"https:\/\/provencelovers.fr\/wp-content\/uploads\/2023\/08\/ArrowRight.webp\" alt=\"\"\/><\/a><\/div>\n<\/div>\n<\/div>\n\n\n\n<div class=\"wp-block-column is-vertically-aligned-center is-layout-flow wp-block-column-is-layout-flow\" style=\"flex-basis:50%\">\n<p class=\"has-text-align-center\" style=\"font-size:14px\"><strong>Se v\u00e5ra r\u00e5d<\/strong> (kommer snart)<\/p>\n<\/div>\n<\/div>\n<\/div><\/div><\/div>\n\n<h2 class=\"wp-block-heading\">Anv\u00e4ndbara tips: varaktighet, tidtabeller, \u00e4ta&#8230;<\/h2>\n\n<h3 class=\"wp-block-heading\">B\u00e4sta tiden att bes\u00f6ka<\/h3>\n\n<p>Den b\u00e4sta tiden att bes\u00f6ka Organ of the Seas i Zadar \u00e4r tidigt p\u00e5 morgonen, n\u00e4r omr\u00e5det fortfarande \u00e4r lugnt och obefolkat. Solnedg\u00e5ngen \u00e4r ocks\u00e5 en magisk tid att njuta av Adriatiska havets gyllene nyanser medan du lyssnar p\u00e5 de naturliga melodierna som produceras av orgeln. Men den h\u00e4r promenaden i Zadar kan tas n\u00e4r som helst p\u00e5 dagen, beroende p\u00e5 ditt schema och ditt hum\u00f6r!  <\/p>\n\n<figure class=\"wp-block-image size-large\"><img decoding=\"async\" src=\"https:\/\/photos.smugmug.com\/Croatia\/Zadar\/Orgue-des-Mers\/i-fbrg4qq\/0\/K7Ldccf8P6vJcRnj2kwf5R3kPkm3p4dmNJc6jz27c\/L\/zadar%20marine%20orguan-23-L.jpg\" alt=\"Orgue des Mers - riva\"\/><\/figure>\n\n<h3 class=\"wp-block-heading\">Bes\u00f6ksl\u00e4ngd och huvudsakliga sv\u00e5righeter<\/h3>\n\n<p>Bes\u00f6ket p\u00e5 Havsorgeln sker utomhus l\u00e4ngs Zadars strandpromenad. Det tar cirka 15 minuter att uppt\u00e4cka platsen, men du kan ta l\u00e4ngre tid p\u00e5 dig beroende p\u00e5 din egen takt och din \u00f6nskan att lyssna p\u00e5 ljudet fr\u00e5n v\u00e5gorna. Platsen \u00e4r tillg\u00e4nglig f\u00f6r alla, utan n\u00e5gon s\u00e4rskild fysisk anstr\u00e4ngning, och inneb\u00e4r inga st\u00f6rre sv\u00e5righeter.  <\/p>\n\n<h3 class=\"wp-block-heading\">Bes\u00f6k med barn<\/h3>\n\n<p>Att uppt\u00e4cka Havets Orgel tycker vi \u00e4r en utm\u00e4rkt aktivitet att g\u00f6ra med hela familjen under din vistelse i Zadar. Vi har sett barn i alla \u00e5ldrar fascineras av den naturliga musiken som skapas av v\u00e5gor och vind. Denna interaktiva upplevelse stimulerar deras nyfikenhet och f\u00f6rundran. Platsen \u00e4r tillg\u00e4nglig med barnvagn och har inga st\u00f6rre hinder, vilket g\u00f6r det l\u00e4tt att bes\u00f6ka med yngre barn. Det \u00e4r en lekfull, sensorisk plats som \u00e4r idealisk f\u00f6r att introducera barn till konst och natur.    <\/p>\n\n<figure class=\"wp-block-image size-large\"><img decoding=\"async\" src=\"https:\/\/photos.smugmug.com\/Croatia\/Zadar\/Orgue-des-Mers\/i-DxKQN6D\/0\/KGrz9t7rNWqfGRnkWzT65wmpbh64HzQWHqVmgB9D9\/L\/zadar%20marine%20orguan-14-L.jpg\" alt=\"Orgue des Mers - r&#xF6;r\"\/><\/figure>\n\n<div style=\"margin-top:8%;margin-bottom:8%\" class=\"wp-block-genesis-blocks-gb-container box gb-block-container\"><div class=\"gb-container-inside\"><div class=\"gb-container-content\">\n<div class=\"wp-block-columns inverse is-layout-flex wp-container-core-columns-is-layout-9d6595d7 wp-block-columns-is-layout-flex\">\n<div class=\"wp-block-column texte_planif is-layout-flow wp-block-column-is-layout-flow\" style=\"flex-basis:58%\">\n<h5 class=\"titre_box\" style=\"padding-top:10px;\">Uppt\u00e4ck <span class=\"titre_box_manuscrit\">Zadar<\/span><\/h5>\n\n\n\n<ul class=\"wp-block-list ul_box\">\n<li style=\"font-size:16px\"><a href=\"https:\/\/croatialovers.com\/sv\/sevardheter-zadar-att-gora\/\" type=\"post\" id=\"2859\" target=\"_blank\" rel=\"noreferrer noopener\">Sev\u00e4rdheter i Zadar<\/a><\/li>\n\n\n\n<li style=\"font-size:16px\"><a href=\"https:\/\/croatialovers.com\/sv\/var-kan-bo-zadar-basta-hotellen-stadsdelarna\/\" type=\"post\" id=\"2984\" target=\"_blank\" rel=\"noreferrer noopener\">B\u00e4sta hotellen i Zadar<\/a><\/li>\n\n\n\n<li style=\"font-size:16px\"><a href=\"https:\/\/croatialovers.com\/sv\/orgel-havets-zadar\/\" type=\"post\" id=\"246\" target=\"_blank\" rel=\"noreferrer noopener\">Havets orgel<\/a><\/li>\n\n\n\n<li style=\"font-size:16px\"><a href=\"https:\/\/croatialovers.com\/sv\/besok-cathedral-saint-anastasia-zadar\/\" type=\"post\" id=\"1514\" target=\"_blank\" rel=\"noreferrer noopener\">Saint-Anastasia-katedralen<\/a><\/li>\n\n\n\n<li style=\"font-size:16px\"><a href=\"https:\/\/croatialovers.com\/sv\/besok-arkeologiska-museum-zadar\/\" type=\"post\" id=\"1752\" target=\"_blank\" rel=\"noreferrer noopener\">Arkeologiskt museum<\/a><\/li>\n<\/ul>\n<\/div>\n\n\n\n<div class=\"wp-block-column ville-radius is-layout-flow wp-block-column-is-layout-flow\" style=\"flex-basis:42%\">\n<figure class=\"wp-block-image size-large img-portrait\"><img decoding=\"async\" src=\"https:\/\/photos.smugmug.com\/Croatia\/Zadar\/Cath&#xE9;drale-saint-anastasie\/i-6mhpTzz\/0\/LJpZJ9s4Tgx4Tq8cBtdckbbMvwRw7kMd4DKq9w5ts\/S\/saint%20anastasie%20catedral%20zadar-012-S.jpg\" alt=\"Zadars katedral\" title=\"\"\/><\/figure>\n<\/div>\n<\/div>\n<\/div><\/div><\/div>\n\n<h2 class=\"wp-block-heading\">Havsorgeln i Zadar: ett verk av arkitektur och poesi<\/h2>\n\n<p>Havsorgeln i Zadar \u00e4r en arkitektonisk och musikalisk bedrift som ritades av Nikola Ba\u0161i\u0107<a href=\"https:\/\/www.citedelarchitecture.fr\/fr\/exposition\/nikola-basic\" target=\"_blank\" rel=\"noreferrer noopener nofollow\">(mer info).<\/a> Vi fick veta att han under designprocessen var omgiven av ljudteknikern Ivan Stama\u0107 och hydraulteknikern Vladimir Andro\u010dec. Tillsammans kom de fram till denna unika installation som str\u00e4cker sig 75 meter l\u00e4ngs Promenade Maritime<em> Riva<\/em>, d\u00e4r 35 polyuretanr\u00f6r \u00e4r placerade under marmortrapporna. N\u00e4r v\u00e5gorna trycker p\u00e5 vattnet pressas luft ut genom dessa r\u00f6r, vilket ger exakta toner som utg\u00f6r en naturlig melodi.<\/p>\n\n<figure class=\"wp-block-image size-large\"><img decoding=\"async\" src=\"https:\/\/photos.smugmug.com\/Croatia\/Zadar\/Orgue-des-Mers\/i-MWkFzGB\/0\/LSFVDRCLbxJrQsB8rDc4zGfBWfFPQ4tx5WHsSWsF7\/L\/zadar%20marine%20orguan-16-L.jpg\" alt=\"Orgue des Mers - p&#xE5; n&#xE4;ra h&#xE5;ll\"\/><\/figure>\n\n<p>Visste du att piporna \u00e4r designade och st\u00e4mda av en orgelverkstad? Man valde att anv\u00e4nda ett korrosionsbest\u00e4ndigt och stabilt material f\u00f6r att garantera ljudkvaliteten.  Inget har l\u00e4mnats \u00e5t slumpen! L\u00e4gg m\u00e4rke till r\u00f6rutg\u00e5ngarna, som syns p\u00e5 trappstegen: de har formen av vad konstn\u00e4ren kallar &#8221;vita hus&#8221;, fr\u00e5n vilka ljuden flyr.<\/p>\n\n<figure class=\"wp-block-image size-large\"><img decoding=\"async\" src=\"https:\/\/photos.smugmug.com\/Croatia\/Zadar\/Orgue-des-Mers\/i-LMCPwTT\/0\/KHRMR58Kd3mb48MrP8dmS2mkbQFcLwN9dKwM32NsP\/L\/zadar%20marine%20orguan-12-L.jpg\" alt=\"Orgue des Mers - utsikt &#xF6;ver staden\"\/><\/figure>\n\n<h2 class=\"wp-block-heading\">Lyssna till havets brus: en unik upplevelse i Zadar<\/h2>\n\n<p>N\u00e4r vi bes\u00f6kte havets orgel i Zadar f\u00e4ngslades vi av den unika melodi som skapas av samspelet mellan vatten och vind. Varje v\u00e5g som tr\u00e4ffar r\u00f6ren under strandpromenaden utl\u00f6ser en ton, medan havsbrisen modulerar dessa ljud och bildar en st\u00e4ndigt f\u00f6r\u00e4nderlig naturlig symfoni. Detta b\u00e5de lugnande och fascinerande ljudlandskap bjuder in dig till en s\u00e4llsynt sinnesupplevelse d\u00e4r naturen blir en musiker.  <\/p>\n\n<figure class=\"wp-block-image size-large\"><img decoding=\"async\" src=\"https:\/\/photos.smugmug.com\/Croatia\/Zadar\/Orgue-des-Mers\/i-xWmN8w9\/0\/LqVkXLLpPBdr8xbNwkLBtgz2KzVd3Nq85m7F4Vz3b\/L\/zadar%20marine%20orguan-03-L.jpg\" alt=\"Orgue des Mers - kontemplation\"\/><\/figure>\n\n<p>Vi rekommenderar att du tar dig tid att promenera l\u00e4ngs Riva och sedan s\u00e4tter dig p\u00e5 trappan till orgeln. Du kommer att ha en underbar stund n\u00e4r du lyssnar p\u00e5 detta ljudkonstverk. Vi gillade s\u00e4rskilt de mjuka tonerna som blandades med v\u00e5gornas och brisens ljud och skapade en kontemplativ atmosf\u00e4r. Den h\u00e4r installationen \u00e4r en kraftfull symbol f\u00f6r staden och kombinerar arkitektonisk innovation med respekt f\u00f6r milj\u00f6n. Den ger en minnesv\u00e4rd upplevelse och erbjuder en harmonisk dialog mellan Adriatiska havet och m\u00e4nsklig kreativitet.    <\/p>\n\n<figure class=\"wp-block-image size-large\"><img decoding=\"async\" src=\"https:\/\/photos.smugmug.com\/Croatia\/Zadar\/Orgue-des-Mers\/i-JsW4hHs\/0\/NCM2npc5t9QsrM36TQ9Zbnt4stsFBhRSQZLWzmb2V\/L\/zadar%20marine%20orguan-17-L.jpg\" alt=\"Orgue des Mers - promenad  \"\/><\/figure>\n\n<div style=\"background-color:#fefefe;margin-top:6%;margin-bottom:6%\" class=\"wp-block-genesis-blocks-gb-container box gb-block-container\"><div class=\"gb-container-inside\"><div class=\"gb-container-content\" style=\"max-width:700px\">\n<div class=\"wp-block-columns inverse is-layout-flex wp-container-core-columns-is-layout-9d6595d7 wp-block-columns-is-layout-flex\">\n<div class=\"wp-block-column texte_planif is-layout-flow wp-block-column-is-layout-flow\" style=\"flex-basis:58%\">\n<h5 class=\"titre_box\">Ta emot v\u00e5rt <span class=\"titre_box_manuscrit\">nyhetsbrev<\/span><\/h5>\n\n\n\n<ul class=\"wp-block-list\">\n<li>En frisk fl\u00e4kt i ditt dagliga liv p\u00e5 de vackra destinationerna i Region Lovers!<\/li>\n\n\n\n<li>En g\u00e5ng i m\u00e5naden<\/li>\n\n\n\n<li>Reklamfri<\/li>\n<\/ul>\n\n\n<script>\nvar gform;gform||(document.addEventListener(\"gform_main_scripts_loaded\",function(){gform.scriptsLoaded=!0}),document.addEventListener(\"gform\/theme\/scripts_loaded\",function(){gform.themeScriptsLoaded=!0}),window.addEventListener(\"DOMContentLoaded\",function(){gform.domLoaded=!0}),gform={domLoaded:!1,scriptsLoaded:!1,themeScriptsLoaded:!1,isFormEditor:()=>\"function\"==typeof InitializeEditor,callIfLoaded:function(o){return!(!gform.domLoaded||!gform.scriptsLoaded||!gform.themeScriptsLoaded&&!gform.isFormEditor()||(gform.isFormEditor()&&console.warn(\"The use of gform.initializeOnLoaded() is deprecated in the form editor context and will be removed in Gravity Forms 3.1.\"),o(),0))},initializeOnLoaded:function(o){gform.callIfLoaded(o)||(document.addEventListener(\"gform_main_scripts_loaded\",()=>{gform.scriptsLoaded=!0,gform.callIfLoaded(o)}),document.addEventListener(\"gform\/theme\/scripts_loaded\",()=>{gform.themeScriptsLoaded=!0,gform.callIfLoaded(o)}),window.addEventListener(\"DOMContentLoaded\",()=>{gform.domLoaded=!0,gform.callIfLoaded(o)}))},hooks:{action:{},filter:{}},addAction:function(o,r,e,t){gform.addHook(\"action\",o,r,e,t)},addFilter:function(o,r,e,t){gform.addHook(\"filter\",o,r,e,t)},doAction:function(o){gform.doHook(\"action\",o,arguments)},applyFilters:function(o){return gform.doHook(\"filter\",o,arguments)},removeAction:function(o,r){gform.removeHook(\"action\",o,r)},removeFilter:function(o,r,e){gform.removeHook(\"filter\",o,r,e)},addHook:function(o,r,e,t,n){null==gform.hooks[o][r]&&(gform.hooks[o][r]=[]);var d=gform.hooks[o][r];null==n&&(n=r+\"_\"+d.length),gform.hooks[o][r].push({tag:n,callable:e,priority:t=null==t?10:t})},doHook:function(r,o,e){var t;if(e=Array.prototype.slice.call(e,1),null!=gform.hooks[r][o]&&((o=gform.hooks[r][o]).sort(function(o,r){return o.priority-r.priority}),o.forEach(function(o){\"function\"!=typeof(t=o.callable)&&(t=window[t]),\"action\"==r?t.apply(null,e):e[0]=t.apply(null,e)})),\"filter\"==r)return e[0]},removeHook:function(o,r,t,n){var e;null!=gform.hooks[o][r]&&(e=(e=gform.hooks[o][r]).filter(function(o,r,e){return!!(null!=n&&n!=o.tag||null!=t&&t!=o.priority)}),gform.hooks[o][r]=e)}});\n<\/script>\n\n                <div class='gf_browser_gecko gform_wrapper gravity-theme gform-theme--no-framework' data-form-theme='gravity-theme' data-form-index='0' id='gform_wrapper_2' >\n                        <div class='gform_heading'>\n                            <p class='gform_description'><\/p>\n                        <\/div><form method='post' enctype='multipart\/form-data'  id='gform_2'  action='\/sv\/wp-json\/wp\/v2\/posts\/1237' data-formid='2' novalidate>\n                        <div class='gform-body gform_body'><div id='gform_fields_2' class='gform_fields top_label form_sublabel_below description_below validation_below'><div id=\"field_2_4\" class=\"gfield gfield--type-honeypot gform_validation_container field_sublabel_below gfield--has-description field_description_below field_validation_below gfield_visibility_visible\"  ><label class='gfield_label gform-field-label' for='input_2_4'>Facebook<\/label><div class='ginput_container'><input name='input_4' id='input_2_4' type='text' value='' autocomplete='new-password'\/><\/div><div class='gfield_description' id='gfield_description_2_4'>Detta f\u00e4lt anv\u00e4nds f\u00f6r validerings\u00e4ndam\u00e5l och ska l\u00e4mnas of\u00f6r\u00e4ndrat.<\/div><\/div><div id=\"field_2_1\" class=\"gfield gfield--type-website gfield--input-type-website field_sublabel_below gfield--no-description field_description_below field_validation_below gfield_visibility_hidden\"  ><div class=\"admin-hidden-markup\"><i class=\"gform-icon gform-icon--hidden\" aria-hidden=\"true\" title=\"Detta f\u00e4lt \u00e4r dolt n\u00e4r formul\u00e4ret visas\"><\/i><span>Detta f\u00e4lt \u00e4r dolt n\u00e4r formul\u00e4ret visas<\/span><\/div><label class='gfield_label gform-field-label' for='input_2_1'>Webbplats Webb<\/label><div class='ginput_container ginput_container_website'>\n                    <input name='input_1' id='input_2_1' type='url' value='' class='large'    placeholder='https:\/\/'  aria-invalid=\"false\" \/>\n                <\/div><\/div><div id=\"field_2_3\" class=\"gfield gfield--type-email gfield--input-type-email gfield--width-half field_sublabel_below gfield--no-description field_description_below hidden_label field_validation_below gfield_visibility_visible\"  ><label class='gfield_label gform-field-label' for='input_2_3'>E-post<\/label><div class='ginput_container ginput_container_email'>\n                            <input name='input_3' id='input_2_3' type='email' value='' class='large'     aria-invalid=\"false\"  \/>\n                        <\/div><\/div><div id=\"field_submit\" class=\"gfield gfield--type-submit gfield--width-half field_sublabel_below gfield--no-description field_description_below field_validation_below gfield_visibility_visible\"  data-field-class=\"gform_editor_submit_container\" data-field-position=\"inline\" ><input type='submit' id='gform_submit_button_2' class='gform-button gform-button--white  button' onclick='gform.submission.handleButtonClick(this);' data-submission-type='submit' value='Skicka'  \/><\/div><\/div><\/div>\n        <div class='gform-footer gform_footer top_label'>  \n            <input type='hidden' class='gform_hidden' name='gform_submission_method' data-js='gform_submission_method_2' value='postback' \/>\n            <input type='hidden' class='gform_hidden' name='gform_theme' data-js='gform_theme_2' id='gform_theme_2' value='gravity-theme' \/>\n            <input type='hidden' class='gform_hidden' name='gform_style_settings' data-js='gform_style_settings_2' id='gform_style_settings_2' value='{&quot;theme&quot;:&quot;gravity-theme&quot;,&quot;inputPrimaryColor&quot;:&quot;#72bb20&quot;,&quot;buttonPrimaryBackgroundColor&quot;:&quot;#72bb20&quot;}' \/>\n            <input type='hidden' class='gform_hidden' name='is_submit_2' value='1' \/>\n            <input type='hidden' class='gform_hidden' name='gform_submit' value='2' \/>\n            \n            <input type='hidden' class='gform_hidden' name='gform_currency' data-currency='USD' value='4uBM2e0QvGGtGJaCDF+eQC5dQagoPB3eKe+Bvp6ZZzJSzr3syzyEF3Xj8EU0Z61JXtKn\/HPFFZ5hQo4xFGgjqdmF21uq9YVoRwZq+uRZTpEhLzA=' \/>\n            <input type='hidden' class='gform_hidden' name='gform_unique_id' value='' \/>\n            <input type='hidden' class='gform_hidden' name='state_2' value='WyJbXSIsIjUwOGJkMDA4YWVjNTQwNWZlOTBiMmE2MmQ0MWZlZTc3Il0=' \/>\n            <input type='hidden' autocomplete='off' class='gform_hidden' name='gform_target_page_number_2' id='gform_target_page_number_2' value='0' \/>\n            <input type='hidden' autocomplete='off' class='gform_hidden' name='gform_source_page_number_2' id='gform_source_page_number_2' value='1' \/>\n            <input type='hidden' name='gform_field_values' value='' \/>\n            \n        <\/div>\n                        <\/form>\n                        <\/div><script>\ngform.initializeOnLoaded( function() {gformInitSpinner( 2, 'https:\/\/croatialovers.com\/wp-content\/plugins\/gravityforms\/images\/spinner.svg', true );jQuery('#gform_ajax_frame_2').on('load',function(){var contents = jQuery(this).contents().find('*').html();var is_postback = contents.indexOf('GF_AJAX_POSTBACK') >= 0;if(!is_postback){return;}var form_content = jQuery(this).contents().find('#gform_wrapper_2');var is_confirmation = jQuery(this).contents().find('#gform_confirmation_wrapper_2').length > 0;var is_redirect = contents.indexOf('gformRedirect(){') >= 0;var is_form = form_content.length > 0 && ! is_redirect && ! is_confirmation;var mt = parseInt(jQuery('html').css('margin-top'), 10) + parseInt(jQuery('body').css('margin-top'), 10) + 100;if(is_form){jQuery('#gform_wrapper_2').html(form_content.html());if(form_content.hasClass('gform_validation_error')){jQuery('#gform_wrapper_2').addClass('gform_validation_error');} else {jQuery('#gform_wrapper_2').removeClass('gform_validation_error');}setTimeout( function() { \/* delay the scroll by 50 milliseconds to fix a bug in chrome *\/  }, 50 );if(window['gformInitDatepicker']) {gformInitDatepicker();}if(window['gformInitPriceFields']) {gformInitPriceFields();}var current_page = jQuery('#gform_source_page_number_2').val();gformInitSpinner( 2, 'https:\/\/croatialovers.com\/wp-content\/plugins\/gravityforms\/images\/spinner.svg', true );jQuery(document).trigger('gform_page_loaded', [2, current_page]);window['gf_submitting_2'] = false;}else if(!is_redirect){var confirmation_content = jQuery(this).contents().find('.GF_AJAX_POSTBACK').html();if(!confirmation_content){confirmation_content = contents;}jQuery('#gform_wrapper_2').replaceWith(confirmation_content);jQuery(document).trigger('gform_confirmation_loaded', [2]);window['gf_submitting_2'] = false;wp.a11y.speak(jQuery('#gform_confirmation_message_2').text());}else{jQuery('#gform_2').append(contents);if(window['gformRedirect']) {gformRedirect();}}jQuery(document).trigger(\"gform_pre_post_render\", [{ formId: \"2\", currentPage: \"current_page\", abort: function() { this.preventDefault(); } }]);        if (event && event.defaultPrevented) {                return;        }        const gformWrapperDiv = document.getElementById( \"gform_wrapper_2\" );        if ( gformWrapperDiv ) {            const visibilitySpan = document.createElement( \"span\" );            visibilitySpan.id = \"gform_visibility_test_2\";            gformWrapperDiv.insertAdjacentElement( \"afterend\", visibilitySpan );        }        const visibilityTestDiv = document.getElementById( \"gform_visibility_test_2\" );        let postRenderFired = false;        function triggerPostRender() {            if ( postRenderFired ) {                return;            }            postRenderFired = true;            gform.core.triggerPostRenderEvents( 2, current_page );            if ( visibilityTestDiv ) {                visibilityTestDiv.parentNode.removeChild( visibilityTestDiv );            }        }        function debounce( func, wait, immediate ) {            var timeout;            return function() {                var context = this, args = arguments;                var later = function() {                    timeout = null;                    if ( !immediate ) func.apply( context, args );                };                var callNow = immediate && !timeout;                clearTimeout( timeout );                timeout = setTimeout( later, wait );                if ( callNow ) func.apply( context, args );            };        }        const debouncedTriggerPostRender = debounce( function() {            triggerPostRender();        }, 200 );        if ( visibilityTestDiv && visibilityTestDiv.offsetParent === null ) {            const observer = new MutationObserver( ( mutations ) => {                mutations.forEach( ( mutation ) => {                    if ( mutation.type === 'attributes' && visibilityTestDiv.offsetParent !== null ) {                        debouncedTriggerPostRender();                        observer.disconnect();                    }                });            });            observer.observe( document.body, {                attributes: true,                childList: false,                subtree: true,                attributeFilter: [ 'style', 'class' ],            });        } else {            triggerPostRender();        }    } );} );\n<\/script>\n<\/div>\n\n\n\n<div class=\"wp-block-column is-layout-flow wp-block-column-is-layout-flow\" style=\"flex-basis:42%\">\n<div class=\"wp-block-genesis-blocks-gb-container aligncenter newsletter-radius gb-block-container\"><div class=\"gb-container-inside\"><div class=\"gb-container-content\"><div class=\"wp-block-image newsletter-image\">\n<figure class=\"aligncenter size-full\"><img decoding=\"async\" src=\"https:\/\/madeiralovers.com\/wp-content\/uploads\/2024\/01\/newsletter_FR_2.webp\" alt=\"\" class=\"wp-image-222\"\/><\/figure>\n<\/div><\/div><\/div><\/div>\n<\/div>\n<\/div>\n<\/div><\/div><\/div>\n","protected":false},"excerpt":{"rendered":"<p>Bes\u00f6ker du Zadar? Missa inte Havsorgeln! Denna konstn\u00e4rliga musikinstallation omvandlar v\u00e5gornas naturliga r\u00f6relse till en f\u00f6rtrollande melodi och erbjuder en privilegierad stund med utsikt \u00f6ver Adriatiska havet. I den h\u00e4r artikeln har vi sammanst\u00e4llt n\u00e5gra anv\u00e4ndbara tips som hj\u00e4lper dig att f\u00f6rbereda ditt bes\u00f6kp\u00e5 Organ of the Seas i Zadar och f\u00e5 ut det mesta [&hellip;]<\/p>\n","protected":false},"author":6,"featured_media":1226,"comment_status":"closed","ping_status":"closed","sticky":false,"template":"","format":"standard","meta":{"_genesis_hide_title":false,"_genesis_hide_breadcrumbs":false,"_genesis_hide_singular_image":false,"_genesis_hide_footer_widgets":false,"_genesis_custom_body_class":"","_genesis_custom_post_class":"","_genesis_layout":"","footnotes":""},"categories":[65],"tags":[],"class_list":{"0":"post-1237","1":"post","2":"type-post","3":"status-publish","4":"format-standard","5":"has-post-thumbnail","7":"category-zadar-och-dess-omgivningar","8":"entry"},"yoast_head":"<!-- This site is optimized with the Yoast SEO plugin v27.5 - https:\/\/yoast.com\/product\/yoast-seo-wordpress\/ -->\n<title>Havets orgel (Zadar): foton + tillg\u00e5ng - Croatia Lovers<\/title>\n<meta name=\"description\" content=\"R\u00e5d om att beundra Organ of the Seas i Zadar (Norra Dalmatien): historia, landskap, tillg\u00e5ng, parkering, vad man ska se ...\" \/>\n<meta name=\"robots\" content=\"index, follow, max-snippet:-1, max-image-preview:large, max-video-preview:-1\" \/>\n<link rel=\"canonical\" href=\"https:\/\/croatialovers.com\/sv\/orgel-havets-zadar\/\" \/>\n<meta property=\"og:locale\" content=\"sv_SE\" \/>\n<meta property=\"og:type\" content=\"article\" \/>\n<meta property=\"og:title\" content=\"Havets orgel (Zadar): foton + tillg\u00e5ng - Croatia Lovers\" \/>\n<meta property=\"og:description\" content=\"R\u00e5d om att beundra Organ of the Seas i Zadar (Norra Dalmatien): historia, landskap, tillg\u00e5ng, parkering, vad man ska se ...\" \/>\n<meta property=\"og:url\" content=\"https:\/\/croatialovers.com\/sv\/orgel-havets-zadar\/\" \/>\n<meta property=\"og:site_name\" content=\"Croatia Lovers\" \/>\n<meta property=\"article:published_time\" content=\"2025-09-10T09:53:41+00:00\" \/>\n<meta property=\"article:modified_time\" content=\"2025-11-26T08:11:04+00:00\" \/>\n<meta property=\"og:image\" content=\"https:\/\/croatialovers.com\/wp-content\/uploads\/2025\/09\/besok-havorgel-zadar-se.jpg\" \/>\n\t<meta property=\"og:image:width\" content=\"1067\" \/>\n\t<meta property=\"og:image:height\" content=\"800\" \/>\n\t<meta property=\"og:image:type\" content=\"image\/jpeg\" \/>\n<meta name=\"author\" content=\"Morgane\" \/>\n<meta name=\"twitter:card\" content=\"summary_large_image\" \/>\n<meta name=\"twitter:label1\" content=\"Written by\" \/>\n\t<meta name=\"twitter:data1\" content=\"Morgane\" \/>\n\t<meta name=\"twitter:label2\" content=\"Est. reading time\" \/>\n\t<meta name=\"twitter:data2\" content=\"7 minuter\" \/>\n<script type=\"application\/ld+json\" class=\"yoast-schema-graph\">{\"@context\":\"https:\\\/\\\/schema.org\",\"@graph\":[{\"@type\":\"Article\",\"@id\":\"https:\\\/\\\/croatialovers.com\\\/sv\\\/orgel-havets-zadar\\\/#article\",\"isPartOf\":{\"@id\":\"https:\\\/\\\/croatialovers.com\\\/sv\\\/orgel-havets-zadar\\\/\"},\"author\":{\"name\":\"Morgane\",\"@id\":\"https:\\\/\\\/croatialovers.com\\\/sv\\\/#\\\/schema\\\/person\\\/eee480b19b5ebe046d0f2f1ce35004cc\"},\"headline\":\"Havets orgel (Zadar): foton + tillg\u00e5ng\",\"datePublished\":\"2025-09-10T09:53:41+00:00\",\"dateModified\":\"2025-11-26T08:11:04+00:00\",\"mainEntityOfPage\":{\"@id\":\"https:\\\/\\\/croatialovers.com\\\/sv\\\/orgel-havets-zadar\\\/\"},\"wordCount\":1348,\"publisher\":{\"@id\":\"https:\\\/\\\/croatialovers.com\\\/sv\\\/#organization\"},\"image\":{\"@id\":\"https:\\\/\\\/croatialovers.com\\\/sv\\\/orgel-havets-zadar\\\/#primaryimage\"},\"thumbnailUrl\":\"https:\\\/\\\/croatialovers.com\\\/wp-content\\\/uploads\\\/2025\\\/09\\\/besok-havorgel-zadar-se.jpg\",\"articleSection\":[\"Zadar och dess omgivningar\"],\"inLanguage\":\"sv-SE\"},{\"@type\":\"WebPage\",\"@id\":\"https:\\\/\\\/croatialovers.com\\\/sv\\\/orgel-havets-zadar\\\/\",\"url\":\"https:\\\/\\\/croatialovers.com\\\/sv\\\/orgel-havets-zadar\\\/\",\"name\":\"Havets orgel (Zadar): foton + tillg\u00e5ng - Croatia Lovers\",\"isPartOf\":{\"@id\":\"https:\\\/\\\/croatialovers.com\\\/sv\\\/#website\"},\"primaryImageOfPage\":{\"@id\":\"https:\\\/\\\/croatialovers.com\\\/sv\\\/orgel-havets-zadar\\\/#primaryimage\"},\"image\":{\"@id\":\"https:\\\/\\\/croatialovers.com\\\/sv\\\/orgel-havets-zadar\\\/#primaryimage\"},\"thumbnailUrl\":\"https:\\\/\\\/croatialovers.com\\\/wp-content\\\/uploads\\\/2025\\\/09\\\/besok-havorgel-zadar-se.jpg\",\"datePublished\":\"2025-09-10T09:53:41+00:00\",\"dateModified\":\"2025-11-26T08:11:04+00:00\",\"description\":\"R\u00e5d om att beundra Organ of the Seas i Zadar (Norra Dalmatien): historia, landskap, tillg\u00e5ng, parkering, vad man ska se ...\",\"breadcrumb\":{\"@id\":\"https:\\\/\\\/croatialovers.com\\\/sv\\\/orgel-havets-zadar\\\/#breadcrumb\"},\"inLanguage\":\"sv-SE\",\"potentialAction\":[{\"@type\":\"ReadAction\",\"target\":[\"https:\\\/\\\/croatialovers.com\\\/sv\\\/orgel-havets-zadar\\\/\"]}]},{\"@type\":\"ImageObject\",\"inLanguage\":\"sv-SE\",\"@id\":\"https:\\\/\\\/croatialovers.com\\\/sv\\\/orgel-havets-zadar\\\/#primaryimage\",\"url\":\"https:\\\/\\\/croatialovers.com\\\/wp-content\\\/uploads\\\/2025\\\/09\\\/besok-havorgel-zadar-se.jpg\",\"contentUrl\":\"https:\\\/\\\/croatialovers.com\\\/wp-content\\\/uploads\\\/2025\\\/09\\\/besok-havorgel-zadar-se.jpg\",\"width\":1067,\"height\":800,\"caption\":\"bes\u00f6k-orgue-sea-zadar\"},{\"@type\":\"BreadcrumbList\",\"@id\":\"https:\\\/\\\/croatialovers.com\\\/sv\\\/orgel-havets-zadar\\\/#breadcrumb\",\"itemListElement\":[{\"@type\":\"ListItem\",\"position\":1,\"name\":\"Hem\",\"item\":\"https:\\\/\\\/croatialovers.com\\\/sv\\\/\"},{\"@type\":\"ListItem\",\"position\":2,\"name\":\"Zadar och dess omgivningar\",\"item\":\"https:\\\/\\\/croatialovers.com\\\/sv\\\/category\\\/zadar-och-dess-omgivningar\\\/\"},{\"@type\":\"ListItem\",\"position\":3,\"name\":\"Havets orgel (Zadar): foton + tillg\u00e5ng\"}]},{\"@type\":\"WebSite\",\"@id\":\"https:\\\/\\\/croatialovers.com\\\/sv\\\/#website\",\"url\":\"https:\\\/\\\/croatialovers.com\\\/sv\\\/\",\"name\":\"Croatia Lovers\",\"description\":\"Pour r\u00e9veiller vos sens en Croatie - Le blog de Claire et Manu\",\"publisher\":{\"@id\":\"https:\\\/\\\/croatialovers.com\\\/sv\\\/#organization\"},\"potentialAction\":[{\"@type\":\"SearchAction\",\"target\":{\"@type\":\"EntryPoint\",\"urlTemplate\":\"https:\\\/\\\/croatialovers.com\\\/sv\\\/?s={search_term_string}\"},\"query-input\":{\"@type\":\"PropertyValueSpecification\",\"valueRequired\":true,\"valueName\":\"search_term_string\"}}],\"inLanguage\":\"sv-SE\"},{\"@type\":\"Organization\",\"@id\":\"https:\\\/\\\/croatialovers.com\\\/sv\\\/#organization\",\"name\":\"Croatia Lovers\",\"url\":\"https:\\\/\\\/croatialovers.com\\\/sv\\\/\",\"logo\":{\"@type\":\"ImageObject\",\"inLanguage\":\"sv-SE\",\"@id\":\"https:\\\/\\\/croatialovers.com\\\/sv\\\/#\\\/schema\\\/logo\\\/image\\\/\",\"url\":\"https:\\\/\\\/croatialovers.com\\\/wp-content\\\/uploads\\\/2025\\\/07\\\/cropped-Croatia-Lovers-Logo-principal_bicolore.bicolore.png\",\"contentUrl\":\"https:\\\/\\\/croatialovers.com\\\/wp-content\\\/uploads\\\/2025\\\/07\\\/cropped-Croatia-Lovers-Logo-principal_bicolore.bicolore.png\",\"width\":2350,\"height\":401,\"caption\":\"Croatia Lovers\"},\"image\":{\"@id\":\"https:\\\/\\\/croatialovers.com\\\/sv\\\/#\\\/schema\\\/logo\\\/image\\\/\"}},{\"@type\":\"Person\",\"@id\":\"https:\\\/\\\/croatialovers.com\\\/sv\\\/#\\\/schema\\\/person\\\/eee480b19b5ebe046d0f2f1ce35004cc\",\"name\":\"Morgane\",\"image\":{\"@type\":\"ImageObject\",\"inLanguage\":\"sv-SE\",\"@id\":\"https:\\\/\\\/secure.gravatar.com\\\/avatar\\\/afa26912805402e3ea29288b7478a6a37b47e98385c004daed7d76f04733a512?s=96&d=mm&r=g\",\"url\":\"https:\\\/\\\/secure.gravatar.com\\\/avatar\\\/afa26912805402e3ea29288b7478a6a37b47e98385c004daed7d76f04733a512?s=96&d=mm&r=g\",\"contentUrl\":\"https:\\\/\\\/secure.gravatar.com\\\/avatar\\\/afa26912805402e3ea29288b7478a6a37b47e98385c004daed7d76f04733a512?s=96&d=mm&r=g\",\"caption\":\"Morgane\"},\"url\":\"https:\\\/\\\/croatialovers.com\\\/sv\\\/author\\\/morganeregionlovers-fr\\\/\"}]}<\/script>\n<!-- \/ Yoast SEO plugin. -->","yoast_head_json":{"title":"Havets orgel (Zadar): foton + tillg\u00e5ng - Croatia Lovers","description":"R\u00e5d om att beundra Organ of the Seas i Zadar (Norra Dalmatien): historia, landskap, tillg\u00e5ng, parkering, vad man ska se ...","robots":{"index":"index","follow":"follow","max-snippet":"max-snippet:-1","max-image-preview":"max-image-preview:large","max-video-preview":"max-video-preview:-1"},"canonical":"https:\/\/croatialovers.com\/sv\/orgel-havets-zadar\/","og_locale":"sv_SE","og_type":"article","og_title":"Havets orgel (Zadar): foton + tillg\u00e5ng - Croatia Lovers","og_description":"R\u00e5d om att beundra Organ of the Seas i Zadar (Norra Dalmatien): historia, landskap, tillg\u00e5ng, parkering, vad man ska se ...","og_url":"https:\/\/croatialovers.com\/sv\/orgel-havets-zadar\/","og_site_name":"Croatia Lovers","article_published_time":"2025-09-10T09:53:41+00:00","article_modified_time":"2025-11-26T08:11:04+00:00","og_image":[{"width":1067,"height":800,"url":"https:\/\/croatialovers.com\/wp-content\/uploads\/2025\/09\/besok-havorgel-zadar-se.jpg","type":"image\/jpeg"}],"author":"Morgane","twitter_card":"summary_large_image","twitter_misc":{"Written by":"Morgane","Est. reading time":"7 minuter"},"schema":{"@context":"https:\/\/schema.org","@graph":[{"@type":"Article","@id":"https:\/\/croatialovers.com\/sv\/orgel-havets-zadar\/#article","isPartOf":{"@id":"https:\/\/croatialovers.com\/sv\/orgel-havets-zadar\/"},"author":{"name":"Morgane","@id":"https:\/\/croatialovers.com\/sv\/#\/schema\/person\/eee480b19b5ebe046d0f2f1ce35004cc"},"headline":"Havets orgel (Zadar): foton + tillg\u00e5ng","datePublished":"2025-09-10T09:53:41+00:00","dateModified":"2025-11-26T08:11:04+00:00","mainEntityOfPage":{"@id":"https:\/\/croatialovers.com\/sv\/orgel-havets-zadar\/"},"wordCount":1348,"publisher":{"@id":"https:\/\/croatialovers.com\/sv\/#organization"},"image":{"@id":"https:\/\/croatialovers.com\/sv\/orgel-havets-zadar\/#primaryimage"},"thumbnailUrl":"https:\/\/croatialovers.com\/wp-content\/uploads\/2025\/09\/besok-havorgel-zadar-se.jpg","articleSection":["Zadar och dess omgivningar"],"inLanguage":"sv-SE"},{"@type":"WebPage","@id":"https:\/\/croatialovers.com\/sv\/orgel-havets-zadar\/","url":"https:\/\/croatialovers.com\/sv\/orgel-havets-zadar\/","name":"Havets orgel (Zadar): foton + tillg\u00e5ng - Croatia Lovers","isPartOf":{"@id":"https:\/\/croatialovers.com\/sv\/#website"},"primaryImageOfPage":{"@id":"https:\/\/croatialovers.com\/sv\/orgel-havets-zadar\/#primaryimage"},"image":{"@id":"https:\/\/croatialovers.com\/sv\/orgel-havets-zadar\/#primaryimage"},"thumbnailUrl":"https:\/\/croatialovers.com\/wp-content\/uploads\/2025\/09\/besok-havorgel-zadar-se.jpg","datePublished":"2025-09-10T09:53:41+00:00","dateModified":"2025-11-26T08:11:04+00:00","description":"R\u00e5d om att beundra Organ of the Seas i Zadar (Norra Dalmatien): historia, landskap, tillg\u00e5ng, parkering, vad man ska se ...","breadcrumb":{"@id":"https:\/\/croatialovers.com\/sv\/orgel-havets-zadar\/#breadcrumb"},"inLanguage":"sv-SE","potentialAction":[{"@type":"ReadAction","target":["https:\/\/croatialovers.com\/sv\/orgel-havets-zadar\/"]}]},{"@type":"ImageObject","inLanguage":"sv-SE","@id":"https:\/\/croatialovers.com\/sv\/orgel-havets-zadar\/#primaryimage","url":"https:\/\/croatialovers.com\/wp-content\/uploads\/2025\/09\/besok-havorgel-zadar-se.jpg","contentUrl":"https:\/\/croatialovers.com\/wp-content\/uploads\/2025\/09\/besok-havorgel-zadar-se.jpg","width":1067,"height":800,"caption":"bes\u00f6k-orgue-sea-zadar"},{"@type":"BreadcrumbList","@id":"https:\/\/croatialovers.com\/sv\/orgel-havets-zadar\/#breadcrumb","itemListElement":[{"@type":"ListItem","position":1,"name":"Hem","item":"https:\/\/croatialovers.com\/sv\/"},{"@type":"ListItem","position":2,"name":"Zadar och dess omgivningar","item":"https:\/\/croatialovers.com\/sv\/category\/zadar-och-dess-omgivningar\/"},{"@type":"ListItem","position":3,"name":"Havets orgel (Zadar): foton + tillg\u00e5ng"}]},{"@type":"WebSite","@id":"https:\/\/croatialovers.com\/sv\/#website","url":"https:\/\/croatialovers.com\/sv\/","name":"Croatia Lovers","description":"Pour r\u00e9veiller vos sens en Croatie - Le blog de Claire et Manu","publisher":{"@id":"https:\/\/croatialovers.com\/sv\/#organization"},"potentialAction":[{"@type":"SearchAction","target":{"@type":"EntryPoint","urlTemplate":"https:\/\/croatialovers.com\/sv\/?s={search_term_string}"},"query-input":{"@type":"PropertyValueSpecification","valueRequired":true,"valueName":"search_term_string"}}],"inLanguage":"sv-SE"},{"@type":"Organization","@id":"https:\/\/croatialovers.com\/sv\/#organization","name":"Croatia Lovers","url":"https:\/\/croatialovers.com\/sv\/","logo":{"@type":"ImageObject","inLanguage":"sv-SE","@id":"https:\/\/croatialovers.com\/sv\/#\/schema\/logo\/image\/","url":"https:\/\/croatialovers.com\/wp-content\/uploads\/2025\/07\/cropped-Croatia-Lovers-Logo-principal_bicolore.bicolore.png","contentUrl":"https:\/\/croatialovers.com\/wp-content\/uploads\/2025\/07\/cropped-Croatia-Lovers-Logo-principal_bicolore.bicolore.png","width":2350,"height":401,"caption":"Croatia Lovers"},"image":{"@id":"https:\/\/croatialovers.com\/sv\/#\/schema\/logo\/image\/"}},{"@type":"Person","@id":"https:\/\/croatialovers.com\/sv\/#\/schema\/person\/eee480b19b5ebe046d0f2f1ce35004cc","name":"Morgane","image":{"@type":"ImageObject","inLanguage":"sv-SE","@id":"https:\/\/secure.gravatar.com\/avatar\/afa26912805402e3ea29288b7478a6a37b47e98385c004daed7d76f04733a512?s=96&d=mm&r=g","url":"https:\/\/secure.gravatar.com\/avatar\/afa26912805402e3ea29288b7478a6a37b47e98385c004daed7d76f04733a512?s=96&d=mm&r=g","contentUrl":"https:\/\/secure.gravatar.com\/avatar\/afa26912805402e3ea29288b7478a6a37b47e98385c004daed7d76f04733a512?s=96&d=mm&r=g","caption":"Morgane"},"url":"https:\/\/croatialovers.com\/sv\/author\/morganeregionlovers-fr\/"}]}},"featured_image_src":"https:\/\/croatialovers.com\/wp-content\/uploads\/2025\/09\/besok-havorgel-zadar-se-600x400.jpg","featured_image_src_square":"https:\/\/croatialovers.com\/wp-content\/uploads\/2025\/09\/besok-havorgel-zadar-se-600x600.jpg","author_info":{"display_name":"Morgane","author_link":"https:\/\/croatialovers.com\/sv\/author\/morganeregionlovers-fr\/"},"_links":{"self":[{"href":"https:\/\/croatialovers.com\/sv\/wp-json\/wp\/v2\/posts\/1237","targetHints":{"allow":["GET"]}}],"collection":[{"href":"https:\/\/croatialovers.com\/sv\/wp-json\/wp\/v2\/posts"}],"about":[{"href":"https:\/\/croatialovers.com\/sv\/wp-json\/wp\/v2\/types\/post"}],"author":[{"embeddable":true,"href":"https:\/\/croatialovers.com\/sv\/wp-json\/wp\/v2\/users\/6"}],"replies":[{"embeddable":true,"href":"https:\/\/croatialovers.com\/sv\/wp-json\/wp\/v2\/comments?post=1237"}],"version-history":[{"count":0,"href":"https:\/\/croatialovers.com\/sv\/wp-json\/wp\/v2\/posts\/1237\/revisions"}],"wp:featuredmedia":[{"embeddable":true,"href":"https:\/\/croatialovers.com\/sv\/wp-json\/wp\/v2\/media\/1226"}],"wp:attachment":[{"href":"https:\/\/croatialovers.com\/sv\/wp-json\/wp\/v2\/media?parent=1237"}],"wp:term":[{"taxonomy":"category","embeddable":true,"href":"https:\/\/croatialovers.com\/sv\/wp-json\/wp\/v2\/categories?post=1237"},{"taxonomy":"post_tag","embeddable":true,"href":"https:\/\/croatialovers.com\/sv\/wp-json\/wp\/v2\/tags?post=1237"}],"curies":[{"name":"wp","href":"https:\/\/api.w.org\/{rel}","templated":true}]}}