{"id":3287,"date":"2026-04-29T09:04:34","date_gmt":"2026-04-29T09:04:34","guid":{"rendered":"https:\/\/croatialovers.com\/combien-jours-partir-istrie\/"},"modified":"2026-04-29T10:58:20","modified_gmt":"2026-04-29T10:58:20","slug":"quanto-dias-istria","status":"publish","type":"post","link":"https:\/\/croatialovers.com\/pt-pt\/quanto-dias-istria\/","title":{"rendered":"Quantos dias em \u00cdstria?"},"content":{"rendered":"\n<p>Quer fugir durante dias suficientes para descobrir o melhor desta pen\u00ednsula croata?<br\/>Aqui est\u00e3o todos os nossos conselhos sobre como escolher o n\u00famero de dias que quer passar em \u00cdstria.<\/p>\n\n<figure class=\"wp-block-image size-full\"><img decoding=\"async\" src=\"https:\/\/croatialovers.com\/wp-content\/uploads\/2026\/04\/Quantos-dias-Istria.jpg\" alt=\"Quantos dias na &#xCD;stria\" class=\"wp-image-3263\"\/><\/figure>\n\n<p>Esta \u00e9 uma opini\u00e3o completamente <strong>independente<\/strong>, baseada na nossa pr\u00f3pria experi\u00eancia. Fizemos as nossas pr\u00f3prias escolhas, visit\u00e1mos a regi\u00e3o de forma an\u00f3nima e pag\u00e1mos as nossas contas na totalidade.<\/p>\n\n<h2 class=\"wp-block-heading\">Quantos dias passar em \u00cdstria: respostas r\u00e1pidas<\/h2>\n\n<ul class=\"wp-block-list\">\n<li>M\u00ednimo para uma <strong>vis\u00e3o geral da<\/strong> regi\u00e3o: 3 dias<\/li>\n\n\n\n<li>N\u00famero de dias para visitar <strong>todos os locais mais famosos<\/strong>: 5 a 7 dias<\/li>\n\n\n\n<li>Na nossa opini\u00e3o, o n\u00famero ideal de dias para <strong>o desfrutar verdadeiramente<\/strong> \u00e9 de 7 a 10 dias.<\/li>\n\n\n\n<li>Se quiser apenas passar algum tempo na praia&#8230; depende do n\u00famero de dias que tem dispon\u00edveis e do seu or\u00e7amento.<\/li>\n<\/ul>\n\n<p>N\u00e3o existe uma resposta universal para esta quest\u00e3o. Isto depende de uma s\u00e9rie de crit\u00e9rios. No artigo, damos-lhe mais pormenores para o ajudar a tomar a sua decis\u00e3o.<\/p>\n\n<figure class=\"wp-block-image size-large\"><img decoding=\"async\" src=\"https:\/\/photos.smugmug.com\/Croatia\/Istrie-Best-of\/i-RV2zLG5\/0\/MFgr2VRfpc6wpc3FKZPXphrBMg3TLFfK5TVcJchZR\/L\/istrie%20-%20rovinj-1-L.jpg\" alt=\"Rovinj em &#xCD;stria\"\/><\/figure>\n\n<h2 class=\"wp-block-heading\">N\u00famero de dias para visitar os s\u00edtios obrigat\u00f3rios<\/h2>\n\n<p>Na nossa opini\u00e3o, os lugares realmente imperd\u00edveis s\u00e3o:<\/p>\n\n<ul class=\"wp-block-list\">\n<li>Rovinj e a sua cidade velha na pen\u00ednsula<\/li>\n\n\n\n<li>O anfiteatro romano de Pula (Arena de Pula), um dos mais bem conservados do mundo<\/li>\n\n\n\n<li>A Bas\u00edlica Eufr\u00e1sia em Pore\u010d, Patrim\u00f3nio Mundial da UNESCO pelos seus mosaicos bizantinos do s\u00e9culo VI<\/li>\n\n\n\n<li>Aldeias do interior nas colinas: Motovun, Gro\u017enjan e Hum<\/li>\n\n\n\n<li>Parque Nacional de Brijuni (ilhas ao largo de Fa\u017eana)<\/li>\n\n\n\n<li>Vinhedos e rotas de trufas no interior<\/li>\n<\/ul>\n\n<p>Pensamos que em 5 a 7 dias \u00e9 poss\u00edvel percorrer confortavelmente os pontos mais conhecidos da pen\u00ednsula. A diversidade da \u00cdstria est\u00e1 distribu\u00edda entre a costa ocidental, a costa oriental e o interior montanhoso, o que requer um pouco mais de tempo do que se tudo estivesse concentrado num \u00fanico eixo. <\/p>\n\n<p>Saiba mais no <a href=\"https:\/\/croatialovers.com\/pt-pt\/o-que-fazer-istria-visitar\/\" type=\"post\" id=\"2777\" target=\"_blank\" rel=\"noreferrer noopener\">nosso artigo sobre as melhores atrac\u00e7\u00f5es da \u00cdstria<\/a>.<\/p>\n\n<figure class=\"wp-block-image size-large\"><img decoding=\"async\" src=\"https:\/\/photos.smugmug.com\/Croatia\/Pula\/Divers-pratique\/i-4n4JJrM\/0\/Kjpx7jBXBLsV5vfk7D2Nq8L523cjTbdkjXZxc2Fxx\/L\/pula%20pratic-4-L.jpg\" alt=\"Anfiteatro romano de Pula\"\/><figcaption class=\"wp-element-caption\">Anfiteatro romano de Pula<\/figcaption><\/figure>\n\n<h2 class=\"wp-block-heading\">Tamanho e dura\u00e7\u00e3o do trajeto<\/h2>\n\n<p>A \u00cdstria \u00e9 uma pen\u00ednsula compacta. As dist\u00e2ncias s\u00e3o curtas e as estradas bem conservadas, especialmente na costa ocidental. A autoestrada Istarski Ipsilon (em forma de Y) liga rapidamente as principais cidades. Ach\u00e1mos a condu\u00e7\u00e3o agrad\u00e1vel, incluindo nas pequenas estradas do interior, mesmo que por vezes sejam sinuosas.   <\/p>\n\n<p>De Pula, no sul, a Umag, no noroeste, a viagem dura cerca de 1 hora na autoestrada. De Pula a Labin, na costa leste, s\u00e3o necess\u00e1rios cerca de 45 minutos. Eis alguns tempos de condu\u00e7\u00e3o indicativos:  <\/p>\n\n<ul class=\"wp-block-list\">\n<li>Pula &#8211; Rovinj: aprox. 40min<\/li>\n\n\n\n<li>Rovinj &#8211; Pore\u010d: aprox. 45min<\/li>\n\n\n\n<li>Pore\u010d &#8211; Umag: aprox. 45min<\/li>\n\n\n\n<li>Rovinj &#8211; Motovun (interior): aprox. 40min<\/li>\n\n\n\n<li>Pula &#8211; Umag (sentido norte-sul completo): cerca de 1 hora<\/li>\n<\/ul>\n\n<p>A \u00cdstria \u00e9, portanto, f\u00e1cil de explorar a partir de uma \u00fanica base. Se quiser reduzir ao m\u00ednimo as desloca\u00e7\u00f5es di\u00e1rias, Rovinj ou Pore\u010d s\u00e3o boas bases centrais. No entanto, recomendamos que mude o seu alojamento se planear passar v\u00e1rios dias no interior, uma vez que as estradas de montanha tornam a viagem um pouco mais longa.  <\/p>\n\n<figure class=\"wp-block-image size-full\"><img decoding=\"async\" src=\"https:\/\/croatialovers.com\/wp-content\/uploads\/2026\/04\/mapa-tempo-viagem-Istria.jpg\" alt=\"Mapa de tempo de viagem da &#xCD;stria\" class=\"wp-image-3272\"\/><figcaption class=\"wp-element-caption\">Mapa: tempos de condu\u00e7\u00e3o na \u00cdstria<\/figcaption><\/figure>\n\n<div style=\"margin-top:8%;margin-bottom:8%\" class=\"wp-block-genesis-blocks-gb-container box gb-block-container\"><div class=\"gb-container-inside\"><div class=\"gb-container-content\">\n<div class=\"wp-block-columns inverse box_planif is-layout-flex wp-container-core-columns-is-layout-9d6595d7 wp-block-columns-is-layout-flex\">\n<div class=\"wp-block-column texte_planif is-layout-flow wp-block-column-is-layout-flow\" style=\"flex-basis:58%\">\n<h5 class=\"titre_box\">O NOSSO CONSELHO PARA ALUGAR O SEU CARRO EM <span class=\"titre_box_manuscrit\">\nCro\u00e1cia<\/span><\/h5>\n\n\n\n<ul style=\"font-size:14px\" class=\"wp-block-list liste_voiture\">\n<li>Compare os pre\u00e7os na nossa plataforma preferida: <a href=\"https:\/\/www.discovercars.com\/pt\/croatia?a_aid=zigzag&amp;chan=croatia\" target=\"_blank\" rel=\"noreferrer noopener sponsored nofollow\">DiscoverCars<\/a> &#8211; um dos s\u00edtios mais bem classificados.<\/li>\n\n\n\n<li>Escolha um <strong>carro suficientemente potente <\/strong>(as estradas s\u00e3o \u00edngremes) mas <strong>suficientemente compacto<\/strong> (algumas passagens s\u00e3o estreitas).<\/li>\n\n\n\n<li>A procura \u00e9 grande, por isso, <strong>reserve com anteced\u00eancia<\/strong>.<\/li>\n<\/ul>\n<\/div>\n\n\n\n<div class=\"wp-block-column planif-radius-3 is-layout-flow wp-block-column-is-layout-flow\" style=\"flex-basis:42%\">\n<figure class=\"wp-block-image size-large is-resized\"><img decoding=\"async\" src=\"https:\/\/photos.smugmug.com\/Croatia\/Paklenica\/Rando-entr&#xE9;e-1\/i-Tzg4V6J\/0\/KXmXjZbtGwDbJrgcqktnpnrkcSSch3cnNBDJHcqWg\/S\/paklenica%20parc%20enter%201%20and%20hike-004-S.jpg\" alt=\"autom&#xF3;vel na Cro&#xE1;cia\" title=\"\"\/><\/figure>\n<\/div>\n<\/div>\n\n\n\n<div class=\"wp-block-columns planif_bouton is-layout-flex wp-container-core-columns-is-layout-9d6595d7 wp-block-columns-is-layout-flex\">\n<div class=\"wp-block-column is-layout-flow wp-block-column-is-layout-flow\" style=\"flex-basis:50%\">\n<div class=\"wp-block-buttons is-content-justification-center is-layout-flex wp-container-core-buttons-is-layout-16018d1d wp-block-buttons-is-layout-flex\">\n<div class=\"wp-block-button\"><a class=\"wp-block-button__link has-white-color has-text-color has-custom-font-size wp-element-button\" href=\"https:\/\/www.discovercars.com\/pt\/croatia?a_aid=zigzag&amp;chan=croatia\" style=\"border-radius:4px;font-size:14px\" target=\"_blank\" rel=\"noreferrer noopener nofollow\">Veja os carros<img decoding=\"async\" class=\"wp-image-2851\" style=\"width: 16px;\" src=\"https:\/\/provencelovers.fr\/wp-content\/uploads\/2023\/08\/ArrowRight.webp\" alt=\"\"\/><\/a><\/div>\n<\/div>\n<\/div>\n\n\n\n<div class=\"wp-block-column is-vertically-aligned-center is-layout-flow wp-block-column-is-layout-flow\" style=\"flex-basis:50%\">\n<p class=\"has-text-align-center\" style=\"font-size:14px\"><strong>Veja os nossos conselhos<\/strong> (em breve)<\/p>\n<\/div>\n<\/div>\n<\/div><\/div><\/div>\n\n<h2 class=\"wp-block-heading\">Itiner\u00e1rios de 3, 5, 7 ou 10 dias<\/h2>\n\n<p>Para ter uma ideia ainda melhor do que pode ver, consulte as nossas sugest\u00f5es de itiner\u00e1rios:<\/p>\n\n<ul class=\"wp-block-list\">\n<li>Itiner\u00e1rios de 3 dias na \u00cdstria (em breve)<\/li>\n\n\n\n<li>Itiner\u00e1rios de 5 dias (em breve)<\/li>\n\n\n\n<li>Itiner\u00e1rios de 7 dias (brevemente)<\/li>\n\n\n\n<li>Itiner\u00e1rios de 10 dias (brevemente)<\/li>\n<\/ul>\n\n<h2 class=\"wp-block-heading\">Crit\u00e9rios para decidir quanto tempo passar na \u00cdstria<\/h2>\n\n<h3 class=\"wp-block-heading\">Or\u00e7amento<\/h3>\n\n<p>Calcule quanto pode pagar no total, para saber quantos dias pode ficar. A Cro\u00e1cia utiliza o euro desde janeiro de 2023, o que simplifica a gest\u00e3o do or\u00e7amento dos viajantes europeus.<\/p>\n\n<p>A \u00cdstria \u00e9 uma das regi\u00f5es tur\u00edsticas mais populares da Cro\u00e1cia. Na \u00e9poca alta (julho-agosto), os pre\u00e7os dos alojamentos e dos restaurantes aumentam significativamente, especialmente na costa oeste, em redor de Rovinj e Pore\u010d. O interior mant\u00e9m-se mais acess\u00edvel durante todo o ano. Verific\u00e1mos que os pre\u00e7os em maio-junho e setembro s\u00e3o significativamente mais suaves, beneficiando ainda assim de um clima favor\u00e1vel.   <\/p>\n\n<ul class=\"wp-block-list\">\n<li>Saiba mais sobre o aluguer de autom\u00f3veis na Cro\u00e1cia (em breve)<\/li>\n\n\n\n<li>Ver o nosso artigo sobre onde ficar em \u00cdstria para pre\u00e7os (em breve)<\/li>\n<\/ul>\n\n<p>As gamas de pre\u00e7os variam imenso entre apartamentos privados, agroturismo no interior, hot\u00e9is \u00e0 beira-mar e moradias de luxo. Por isso, n\u00e3o podemos dar-lhe um pre\u00e7o exato; consulte os pre\u00e7os para o seu tipo de alojamento. <\/p>\n\n<figure class=\"wp-block-image size-large\"><img decoding=\"async\" src=\"https:\/\/photos.smugmug.com\/Croatia\/Istria\/Porec\/Hotelvilamarriviera\/i-r2M9xkV\/0\/LLMFHtWj9TsbZL2tjtMMqKRPnhXv2vCW2WRMrBdrd\/L\/hotel_vilamar_riviera_porec-L.jpg\" alt=\"Alojamento em &#xCD;stria: Hotel Vilamar em Porec\"\/><\/figure>\n\n<h3 class=\"wp-block-heading\">Os seus desejos, interesses e objectivos<\/h3>\n\n<p>Est\u00e1 a passar algum tempo na praia? Provar trufas e vinhos? Visitar s\u00edtios romanos e medievais?  Os seus desejos t\u00eam um impacto no tempo que precisa para desfrutar do destino. Por exemplo, uma imers\u00e3o gastron\u00f3mica no interior requer pelo menos mais 2 dias do que umas f\u00e9rias puramente \u00e0 beira-mar.<\/p>\n\n<p>A \u00cdstria tem muito para oferecer e fic\u00e1mos surpreendidos com a riqueza das zonas do interior. Eis o que pode encontrar: <\/p>\n\n<ul class=\"wp-block-list\">\n<li><strong>N\u00famero de s\u00edtios culturais e hist\u00f3ricos: <\/strong><br\/><strong>elevado <\/strong> (anfiteatro romano em Pula, Bas\u00edlica Eufr\u00e1sia em Pore\u010d, classificada pela UNESCO, templos romanos, igrejas medievais, frescos)<\/li>\n\n\n\n<li><strong>N\u00famero de aldeias com car\u00e1cter: elevado<\/strong><br\/>especialmente as aldeias no topo das colinas no interior (Motovun, Gro\u017enjan, Hum, Oprtalj, Bale, Vodnjan)<\/li>\n\n\n\n<li><strong>N\u00famero de belas praias e enseadas: moderado <\/strong><br\/>(as praias s\u00e3o frequentemente rochosas ou de seixos; as enseadas de Cap Kamenjak e as praias de Rabac est\u00e3o entre as mais populares)<\/li>\n<\/ul>\n\n<figure class=\"wp-block-image size-large\"><img decoding=\"async\" src=\"https:\/\/photos.smugmug.com\/Croatia\/Istria\/Brijuni\/Saluga-Beach\/i-kgjSnDV\/0\/LxhKMDXtk8vzxjG5nVcPX2kV3DN3jWpnXbWd8nZX7\/L\/Saluga_Beach-L.jpg\" alt=\"Praia em Brijuni\"\/><\/figure>\n\n<ul class=\"wp-block-list\">\n<li><strong>N\u00famero de passeios de barco: moderado <\/strong><br\/>(passeio pelo Canal Lim, passeio \u00e0s Ilhas Brijuni, passeios a partir de Rovinj ou Pore\u010d)<\/li>\n\n\n\n<li><strong>Intensidade da caminhada: moderada <\/strong><br\/>(trilhos no Parque Natural de U\u010dka, passeios costeiros, caminhos no interior)<\/li>\n\n\n\n<li><strong>Gastronomia e enoturismo: <\/strong><br\/>(rotas de trufas em Motovun e Livade, vinhas de Malvasia da \u00cdstria, azeite premiado, restaurantes gourmet)<\/li>\n<\/ul>\n\n<p>Uma das grandes vantagens da \u00cdstria \u00e9 a facilidade com que se pode alternar entre a praia de manh\u00e3 e uma visita a uma aldeia no topo de uma colina \u00e0 tarde, gra\u00e7as \u00e0s curtas dist\u00e2ncias envolvidas. Apreci\u00e1mos particularmente esta flexibilidade numa base di\u00e1ria. <\/p>\n\n<figure class=\"wp-block-image size-large\"><img decoding=\"async\" src=\"https:\/\/photos.smugmug.com\/Croatia\/MOTOVUN\/i-MF4ZFMV\/1\/MfRT58Vp3Cc47bdJcP6H5fw3NgnSLF6SSDPPzLbsm\/L\/village%20motovun%20croatie-003-L.jpg\" alt=\"Aldeia de Motovun em &#xCD;stria\"\/><figcaption class=\"wp-element-caption\">Motovun<\/figcaption><\/figure>\n\n<h3 class=\"wp-block-heading\">Visto<\/h3>\n\n<p>A Cro\u00e1cia faz parte da Uni\u00e3o Europeia e do espa\u00e7o Schengen desde 1 de janeiro de 2023. Se o seu passaporte n\u00e3o pertence ao espa\u00e7o Schengen, o visto tur\u00edstico tradicional autoriza-o a viajar no espa\u00e7o, incluindo a Cro\u00e1cia e, por conseguinte, a \u00cdstria, por um per\u00edodo m\u00e1ximo de 90 dias consecutivos. N\u00e3o se esque\u00e7a de <a href=\"https:\/\/travel-europe.europa.eu\/en\/etias\" target=\"_blank\" rel=\"noreferrer noopener\">solicitar o seu ETIAS<\/a> em linha antes de partir.<br\/>Se \u00e9 da Uni\u00e3o Europeia, n\u00e3o precisa de fazer nada!  <\/p>\n\n<h3 class=\"wp-block-heading\">Circunst\u00e2ncias pessoais<\/h3>\n\n<p>Tem em conta o teu pr\u00f3prio hor\u00e1rio, em especial os teus compromissos profissionais e as tuas responsabilidades pessoais. Isto ajudar-te-\u00e1 a fazer uma estimativa realista do tempo que podes dedicar \u00e0 viagem. <\/p>\n\n<p>Se estiver a viajar com a fam\u00edlia, a \u00cdstria presta-se bem a f\u00e9rias com crian\u00e7as. As dist\u00e2ncias curtas significam que n\u00e3o ter\u00e1 de conduzir para longe e a maioria das cidades costeiras tem instala\u00e7\u00f5es adequadas para crian\u00e7as, tais como praias bem equipadas e restaurantes familiares. Verific\u00e1mos que as fam\u00edlias ficam muitas vezes alojadas em apartamentos privados, uma op\u00e7\u00e3o muito comum e pr\u00e1tica na regi\u00e3o.  <\/p>\n\n<figure class=\"wp-block-image size-large\"><img decoding=\"async\" src=\"https:\/\/photos.smugmug.com\/Croatia\/Istrie-Best-of\/i-WmKbHnD\/0\/NdddCj4rd9sf3VN5QPMjS5xxXhXsDDRv9nDVTjC74\/L\/istrie%20-%20landscapes-2-L.jpg\" alt=\"banho em fam&#xED;lia\"\/><\/figure>\n\n<h3 class=\"wp-block-heading\">Tempo, condi\u00e7\u00f5es, esta\u00e7\u00f5es do ano<\/h3>\n\n<p>A esta\u00e7\u00e3o do ano tem uma influ\u00eancia direta na experi\u00eancia no local e, por conseguinte, no n\u00famero de dias necess\u00e1rios para a desfrutar.<\/p>\n\n<p><strong>maio-junho e setembro-outubro:<\/strong> estes s\u00e3o os per\u00edodos que recomendamos. As temperaturas s\u00e3o agrad\u00e1veis (20 a 28\u00b0C), o mar \u00e9 acess\u00edvel de junho a outubro, os s\u00edtios s\u00e3o menos concorridos e os pre\u00e7os s\u00e3o mais baixos. Esta \u00e9 tamb\u00e9m a \u00e9poca das trufas brancas (outono) e dos festivais gastron\u00f3micos.  <\/p>\n\n<p><strong>julho-agosto:<\/strong> \u00e9poca alta do turismo. As temperaturas ultrapassam frequentemente os 30\u00b0C, as praias e as cidades costeiras est\u00e3o cheias de gente e os pre\u00e7os sobem. Se vier nesta altura do ano, recomendamos que passe mais tempo no interior, onde as multid\u00f5es s\u00e3o razo\u00e1veis e as colinas frescas oferecem um descanso bem-vindo.  <\/p>\n\n<p><strong>novembro-abril:<\/strong> \u00e9poca baixa. Muitos restaurantes e hot\u00e9is fecham na costa. O interior continua animado, sobretudo na \u00e9poca das trufas (novembro-janeiro). Se vier fora de \u00e9poca, 3 a 5 dias s\u00e3o normalmente suficientes, uma vez que h\u00e1 poucas est\u00e2ncias balneares por onde escolher.   <\/p>\n\n<figure class=\"wp-block-image size-large\"><img decoding=\"async\" src=\"https:\/\/photos.smugmug.com\/Croatia\/Istrie-Best-of\/i-qHDkw54\/0\/KNNqbNBvHrHVmcbbD4Znh53D265QsPpMJbSVqRbKL\/L\/istrie%20-%20boat-2-L.jpg\" alt=\"Passeio de barco\"\/><\/figure>\n\n<h2 class=\"wp-block-heading\">Perguntas mais frequentes<\/h2>\n\n<h3 class=\"wp-block-heading\">3 dias s\u00e3o suficientes na \u00cdstria?<\/h3>\n\n<p>Com 3 dias, pode ter uma boa vis\u00e3o geral da costa oeste: Rovinj, Pula e Pore\u010d. No entanto, ter\u00e1 de fazer algumas escolhas e renunciar \u00e0s zonas do interior. Estas s\u00e3o umas f\u00e9rias adequadas para um fim de semana prolongado ou como escala numa viagem maior pela Cro\u00e1cia.  <\/p>\n\n<h3 class=\"wp-block-heading\">5 dias s\u00e3o suficientes na \u00cdstria?<\/h3>\n\n<p>Com 5 dias, pode cobrir as principais cidades costeiras e dedicar um dia ao interior (Motovun, rota das trufas). Pensamos que este \u00e9 um bom compromisso se tiver um calend\u00e1rio apertado, mas n\u00e3o poder\u00e1 explorar tudo em profundidade. <\/p>\n\n<h3 class=\"wp-block-heading\">7 dias \u00e9 demasiado tempo na \u00cdstria?<\/h3>\n\n<p>N\u00e3o, 7 dias n\u00e3o \u00e9 demasiado tempo. \u00c9 o ritmo certo para visitar as cidades costeiras, passar algum tempo na praia, descobrir as aldeias do interior e apreciar a gastronomia local. Pensamos que \u00e9 a dura\u00e7\u00e3o ideal para quem quer combinar turismo e descontra\u00e7\u00e3o sem pressas. <\/p>\n\n<h3 class=\"wp-block-heading\">10 dias em \u00cdstria \u00e9 demasiado tempo?<\/h3>\n\n<p>N\u00e3o. Com 10 dias, pode explorar a regi\u00e3o em profundidade: excurs\u00e3o \u00e0s Ilhas Brijuni, caminhadas no Parque Natural de U\u010dka, um dia na costa leste (Rabac, Labin), degusta\u00e7\u00e3o de vinhos e trufas, e pausas na praia no Cabo Kamenjak. \u00c9 tamb\u00e9m uma excelente forma de combinar a \u00cdstria com um ou dois dias na vizinha Eslov\u00e9nia (Piran, grutas de Postojna) ou em Trieste, em It\u00e1lia. <\/p>\n\n<div class=\"wp-block-genesis-blocks-gb-container box_auteur_voyage gb-block-container\"><div class=\"gb-container-inside\"><div class=\"gb-container-content\">\n<figure class=\"wp-block-image size-large img_auteur_voyage img_provisoire\"><a href=\"https:\/\/normandielovers.fr\/claire-robinson\/\" target=\"_blank\" rel=\"noreferrer noopener\"><img decoding=\"async\" src=\"https:\/\/photos.smugmug.com\/Region-Lovers\/Equipe\/i-nsNF6C6\/0\/Cs2F5n96pkt9xFD9D3SVqmQspMhrKgN75nHgBqmjG\/L\/Claire-L.png\" alt=\"\"\/><\/a><\/figure>\n\n\n\n<h5 class=\"titre_auteur_voyage\"><span>ELA ESCREVEU O ARTIGO\n <\/span><span class=\"titre_box_manuscrit\">Claire<\/span><\/h5>\n<\/div><\/div><\/div>\n","protected":false},"excerpt":{"rendered":"<p>Quer fugir durante dias suficientes para descobrir o melhor desta pen\u00ednsula croata?Aqui est\u00e3o todos os nossos conselhos sobre como escolher o n\u00famero de dias que quer passar em \u00cdstria. Quantos dias passar em \u00cdstria: respostas r\u00e1pidas N\u00e3o existe uma resposta universal para esta quest\u00e3o. Isto depende de uma s\u00e9rie de crit\u00e9rios. No artigo, damos-lhe mais [&hellip;]<\/p>\n","protected":false},"author":2,"featured_media":3269,"comment_status":"closed","ping_status":"closed","sticky":false,"template":"","format":"standard","meta":{"_genesis_hide_title":false,"_genesis_hide_breadcrumbs":false,"_genesis_hide_singular_image":false,"_genesis_hide_footer_widgets":false,"_genesis_custom_body_class":"","_genesis_custom_post_class":"","_genesis_layout":"","footnotes":""},"categories":[108],"tags":[],"class_list":{"0":"post-3287","1":"post","2":"type-post","3":"status-publish","4":"format-standard","5":"has-post-thumbnail","7":"category-istria","8":"entry"},"yoast_head":"<!-- This site is optimized with the Yoast SEO plugin v27.5 - https:\/\/yoast.com\/product\/yoast-seo-wordpress\/ -->\n<title>Quantos dias em \u00cdstria? - Croatia Lovers<\/title>\n<meta name=\"description\" content=\"Todas as nossas dicas para decidir quanto tempo passar na \u00cdstria: crit\u00e9rios, n\u00famero m\u00ednimo de dias, itiner\u00e1rios\" \/>\n<meta name=\"robots\" content=\"index, follow, max-snippet:-1, max-image-preview:large, max-video-preview:-1\" \/>\n<link rel=\"canonical\" href=\"https:\/\/croatialovers.com\/pt-pt\/quanto-dias-istria\/\" \/>\n<meta property=\"og:locale\" content=\"pt_PT\" \/>\n<meta property=\"og:type\" content=\"article\" \/>\n<meta property=\"og:title\" content=\"Quantos dias em \u00cdstria? - Croatia Lovers\" \/>\n<meta property=\"og:description\" content=\"Todas as nossas dicas para decidir quanto tempo passar na \u00cdstria: crit\u00e9rios, n\u00famero m\u00ednimo de dias, itiner\u00e1rios\" \/>\n<meta property=\"og:url\" content=\"https:\/\/croatialovers.com\/pt-pt\/quanto-dias-istria\/\" \/>\n<meta property=\"og:site_name\" content=\"Croatia Lovers\" \/>\n<meta property=\"article:published_time\" content=\"2026-04-29T09:04:34+00:00\" \/>\n<meta property=\"article:modified_time\" content=\"2026-04-29T10:58:20+00:00\" \/>\n<meta property=\"og:image\" content=\"https:\/\/croatialovers.com\/wp-content\/uploads\/2026\/04\/Quantos-dias-Istria.jpg\" \/>\n\t<meta property=\"og:image:width\" content=\"800\" \/>\n\t<meta property=\"og:image:height\" content=\"600\" \/>\n\t<meta property=\"og:image:type\" content=\"image\/jpeg\" \/>\n<meta name=\"author\" content=\"Claire\" \/>\n<meta name=\"twitter:card\" content=\"summary_large_image\" \/>\n<meta name=\"twitter:label1\" content=\"Written by\" \/>\n\t<meta name=\"twitter:data1\" content=\"Claire\" \/>\n\t<meta name=\"twitter:label2\" content=\"Est. reading time\" \/>\n\t<meta name=\"twitter:data2\" content=\"8 minutos\" \/>\n<script type=\"application\/ld+json\" class=\"yoast-schema-graph\">{\"@context\":\"https:\\\/\\\/schema.org\",\"@graph\":[{\"@type\":\"Article\",\"@id\":\"https:\\\/\\\/croatialovers.com\\\/pt-pt\\\/quanto-dias-istria\\\/#article\",\"isPartOf\":{\"@id\":\"https:\\\/\\\/croatialovers.com\\\/pt-pt\\\/quanto-dias-istria\\\/\"},\"author\":{\"name\":\"Claire\",\"@id\":\"https:\\\/\\\/croatialovers.com\\\/pt-pt\\\/#\\\/schema\\\/person\\\/45858a7b241e57416d6daba143117890\"},\"headline\":\"Quantos dias em \u00cdstria?\",\"datePublished\":\"2026-04-29T09:04:34+00:00\",\"dateModified\":\"2026-04-29T10:58:20+00:00\",\"mainEntityOfPage\":{\"@id\":\"https:\\\/\\\/croatialovers.com\\\/pt-pt\\\/quanto-dias-istria\\\/\"},\"wordCount\":1614,\"publisher\":{\"@id\":\"https:\\\/\\\/croatialovers.com\\\/pt-pt\\\/#organization\"},\"image\":{\"@id\":\"https:\\\/\\\/croatialovers.com\\\/pt-pt\\\/quanto-dias-istria\\\/#primaryimage\"},\"thumbnailUrl\":\"https:\\\/\\\/croatialovers.com\\\/wp-content\\\/uploads\\\/2026\\\/04\\\/Quantos-dias-Istria.jpg\",\"articleSection\":[\"\u00cdstria\"],\"inLanguage\":\"pt-PT\"},{\"@type\":\"WebPage\",\"@id\":\"https:\\\/\\\/croatialovers.com\\\/pt-pt\\\/quanto-dias-istria\\\/\",\"url\":\"https:\\\/\\\/croatialovers.com\\\/pt-pt\\\/quanto-dias-istria\\\/\",\"name\":\"Quantos dias em \u00cdstria? - Croatia Lovers\",\"isPartOf\":{\"@id\":\"https:\\\/\\\/croatialovers.com\\\/pt-pt\\\/#website\"},\"primaryImageOfPage\":{\"@id\":\"https:\\\/\\\/croatialovers.com\\\/pt-pt\\\/quanto-dias-istria\\\/#primaryimage\"},\"image\":{\"@id\":\"https:\\\/\\\/croatialovers.com\\\/pt-pt\\\/quanto-dias-istria\\\/#primaryimage\"},\"thumbnailUrl\":\"https:\\\/\\\/croatialovers.com\\\/wp-content\\\/uploads\\\/2026\\\/04\\\/Quantos-dias-Istria.jpg\",\"datePublished\":\"2026-04-29T09:04:34+00:00\",\"dateModified\":\"2026-04-29T10:58:20+00:00\",\"description\":\"Todas as nossas dicas para decidir quanto tempo passar na \u00cdstria: crit\u00e9rios, n\u00famero m\u00ednimo de dias, itiner\u00e1rios\",\"breadcrumb\":{\"@id\":\"https:\\\/\\\/croatialovers.com\\\/pt-pt\\\/quanto-dias-istria\\\/#breadcrumb\"},\"inLanguage\":\"pt-PT\",\"potentialAction\":[{\"@type\":\"ReadAction\",\"target\":[\"https:\\\/\\\/croatialovers.com\\\/pt-pt\\\/quanto-dias-istria\\\/\"]}]},{\"@type\":\"ImageObject\",\"inLanguage\":\"pt-PT\",\"@id\":\"https:\\\/\\\/croatialovers.com\\\/pt-pt\\\/quanto-dias-istria\\\/#primaryimage\",\"url\":\"https:\\\/\\\/croatialovers.com\\\/wp-content\\\/uploads\\\/2026\\\/04\\\/Quantos-dias-Istria.jpg\",\"contentUrl\":\"https:\\\/\\\/croatialovers.com\\\/wp-content\\\/uploads\\\/2026\\\/04\\\/Quantos-dias-Istria.jpg\",\"width\":800,\"height\":600,\"caption\":\"Quantos dias na \u00cdstria\"},{\"@type\":\"BreadcrumbList\",\"@id\":\"https:\\\/\\\/croatialovers.com\\\/pt-pt\\\/quanto-dias-istria\\\/#breadcrumb\",\"itemListElement\":[{\"@type\":\"ListItem\",\"position\":1,\"name\":\"In\u00edcio\",\"item\":\"https:\\\/\\\/croatialovers.com\\\/pt-pt\\\/\"},{\"@type\":\"ListItem\",\"position\":2,\"name\":\"\u00cdstria\",\"item\":\"https:\\\/\\\/croatialovers.com\\\/pt-pt\\\/category\\\/istria\\\/\"},{\"@type\":\"ListItem\",\"position\":3,\"name\":\"Quantos dias em \u00cdstria?\"}]},{\"@type\":\"WebSite\",\"@id\":\"https:\\\/\\\/croatialovers.com\\\/pt-pt\\\/#website\",\"url\":\"https:\\\/\\\/croatialovers.com\\\/pt-pt\\\/\",\"name\":\"Croatia Lovers\",\"description\":\"Pour r\u00e9veiller vos sens en Croatie - Le blog de Claire et Manu\",\"publisher\":{\"@id\":\"https:\\\/\\\/croatialovers.com\\\/pt-pt\\\/#organization\"},\"potentialAction\":[{\"@type\":\"SearchAction\",\"target\":{\"@type\":\"EntryPoint\",\"urlTemplate\":\"https:\\\/\\\/croatialovers.com\\\/pt-pt\\\/?s={search_term_string}\"},\"query-input\":{\"@type\":\"PropertyValueSpecification\",\"valueRequired\":true,\"valueName\":\"search_term_string\"}}],\"inLanguage\":\"pt-PT\"},{\"@type\":\"Organization\",\"@id\":\"https:\\\/\\\/croatialovers.com\\\/pt-pt\\\/#organization\",\"name\":\"Croatia Lovers\",\"url\":\"https:\\\/\\\/croatialovers.com\\\/pt-pt\\\/\",\"logo\":{\"@type\":\"ImageObject\",\"inLanguage\":\"pt-PT\",\"@id\":\"https:\\\/\\\/croatialovers.com\\\/pt-pt\\\/#\\\/schema\\\/logo\\\/image\\\/\",\"url\":\"https:\\\/\\\/croatialovers.com\\\/wp-content\\\/uploads\\\/2025\\\/07\\\/cropped-Croatia-Lovers-Logo-principal_bicolore.bicolore.png\",\"contentUrl\":\"https:\\\/\\\/croatialovers.com\\\/wp-content\\\/uploads\\\/2025\\\/07\\\/cropped-Croatia-Lovers-Logo-principal_bicolore.bicolore.png\",\"width\":2350,\"height\":401,\"caption\":\"Croatia Lovers\"},\"image\":{\"@id\":\"https:\\\/\\\/croatialovers.com\\\/pt-pt\\\/#\\\/schema\\\/logo\\\/image\\\/\"}},{\"@type\":\"Person\",\"@id\":\"https:\\\/\\\/croatialovers.com\\\/pt-pt\\\/#\\\/schema\\\/person\\\/45858a7b241e57416d6daba143117890\",\"name\":\"Claire\",\"image\":{\"@type\":\"ImageObject\",\"inLanguage\":\"pt-PT\",\"@id\":\"https:\\\/\\\/secure.gravatar.com\\\/avatar\\\/e3566233826c32de8d7c9ef726a1087654b12cadb092acc17ee1d357687192ff?s=96&d=mm&r=g\",\"url\":\"https:\\\/\\\/secure.gravatar.com\\\/avatar\\\/e3566233826c32de8d7c9ef726a1087654b12cadb092acc17ee1d357687192ff?s=96&d=mm&r=g\",\"contentUrl\":\"https:\\\/\\\/secure.gravatar.com\\\/avatar\\\/e3566233826c32de8d7c9ef726a1087654b12cadb092acc17ee1d357687192ff?s=96&d=mm&r=g\",\"caption\":\"Claire\"},\"url\":\"https:\\\/\\\/croatialovers.com\\\/pt-pt\\\/author\\\/claireregionlovers-fr\\\/\"}]}<\/script>\n<!-- \/ Yoast SEO plugin. -->","yoast_head_json":{"title":"Quantos dias em \u00cdstria? - Croatia Lovers","description":"Todas as nossas dicas para decidir quanto tempo passar na \u00cdstria: crit\u00e9rios, n\u00famero m\u00ednimo de dias, itiner\u00e1rios","robots":{"index":"index","follow":"follow","max-snippet":"max-snippet:-1","max-image-preview":"max-image-preview:large","max-video-preview":"max-video-preview:-1"},"canonical":"https:\/\/croatialovers.com\/pt-pt\/quanto-dias-istria\/","og_locale":"pt_PT","og_type":"article","og_title":"Quantos dias em \u00cdstria? - Croatia Lovers","og_description":"Todas as nossas dicas para decidir quanto tempo passar na \u00cdstria: crit\u00e9rios, n\u00famero m\u00ednimo de dias, itiner\u00e1rios","og_url":"https:\/\/croatialovers.com\/pt-pt\/quanto-dias-istria\/","og_site_name":"Croatia Lovers","article_published_time":"2026-04-29T09:04:34+00:00","article_modified_time":"2026-04-29T10:58:20+00:00","og_image":[{"width":800,"height":600,"url":"https:\/\/croatialovers.com\/wp-content\/uploads\/2026\/04\/Quantos-dias-Istria.jpg","type":"image\/jpeg"}],"author":"Claire","twitter_card":"summary_large_image","twitter_misc":{"Written by":"Claire","Est. reading time":"8 minutos"},"schema":{"@context":"https:\/\/schema.org","@graph":[{"@type":"Article","@id":"https:\/\/croatialovers.com\/pt-pt\/quanto-dias-istria\/#article","isPartOf":{"@id":"https:\/\/croatialovers.com\/pt-pt\/quanto-dias-istria\/"},"author":{"name":"Claire","@id":"https:\/\/croatialovers.com\/pt-pt\/#\/schema\/person\/45858a7b241e57416d6daba143117890"},"headline":"Quantos dias em \u00cdstria?","datePublished":"2026-04-29T09:04:34+00:00","dateModified":"2026-04-29T10:58:20+00:00","mainEntityOfPage":{"@id":"https:\/\/croatialovers.com\/pt-pt\/quanto-dias-istria\/"},"wordCount":1614,"publisher":{"@id":"https:\/\/croatialovers.com\/pt-pt\/#organization"},"image":{"@id":"https:\/\/croatialovers.com\/pt-pt\/quanto-dias-istria\/#primaryimage"},"thumbnailUrl":"https:\/\/croatialovers.com\/wp-content\/uploads\/2026\/04\/Quantos-dias-Istria.jpg","articleSection":["\u00cdstria"],"inLanguage":"pt-PT"},{"@type":"WebPage","@id":"https:\/\/croatialovers.com\/pt-pt\/quanto-dias-istria\/","url":"https:\/\/croatialovers.com\/pt-pt\/quanto-dias-istria\/","name":"Quantos dias em \u00cdstria? - Croatia Lovers","isPartOf":{"@id":"https:\/\/croatialovers.com\/pt-pt\/#website"},"primaryImageOfPage":{"@id":"https:\/\/croatialovers.com\/pt-pt\/quanto-dias-istria\/#primaryimage"},"image":{"@id":"https:\/\/croatialovers.com\/pt-pt\/quanto-dias-istria\/#primaryimage"},"thumbnailUrl":"https:\/\/croatialovers.com\/wp-content\/uploads\/2026\/04\/Quantos-dias-Istria.jpg","datePublished":"2026-04-29T09:04:34+00:00","dateModified":"2026-04-29T10:58:20+00:00","description":"Todas as nossas dicas para decidir quanto tempo passar na \u00cdstria: crit\u00e9rios, n\u00famero m\u00ednimo de dias, itiner\u00e1rios","breadcrumb":{"@id":"https:\/\/croatialovers.com\/pt-pt\/quanto-dias-istria\/#breadcrumb"},"inLanguage":"pt-PT","potentialAction":[{"@type":"ReadAction","target":["https:\/\/croatialovers.com\/pt-pt\/quanto-dias-istria\/"]}]},{"@type":"ImageObject","inLanguage":"pt-PT","@id":"https:\/\/croatialovers.com\/pt-pt\/quanto-dias-istria\/#primaryimage","url":"https:\/\/croatialovers.com\/wp-content\/uploads\/2026\/04\/Quantos-dias-Istria.jpg","contentUrl":"https:\/\/croatialovers.com\/wp-content\/uploads\/2026\/04\/Quantos-dias-Istria.jpg","width":800,"height":600,"caption":"Quantos dias na \u00cdstria"},{"@type":"BreadcrumbList","@id":"https:\/\/croatialovers.com\/pt-pt\/quanto-dias-istria\/#breadcrumb","itemListElement":[{"@type":"ListItem","position":1,"name":"In\u00edcio","item":"https:\/\/croatialovers.com\/pt-pt\/"},{"@type":"ListItem","position":2,"name":"\u00cdstria","item":"https:\/\/croatialovers.com\/pt-pt\/category\/istria\/"},{"@type":"ListItem","position":3,"name":"Quantos dias em \u00cdstria?"}]},{"@type":"WebSite","@id":"https:\/\/croatialovers.com\/pt-pt\/#website","url":"https:\/\/croatialovers.com\/pt-pt\/","name":"Croatia Lovers","description":"Pour r\u00e9veiller vos sens en Croatie - Le blog de Claire et Manu","publisher":{"@id":"https:\/\/croatialovers.com\/pt-pt\/#organization"},"potentialAction":[{"@type":"SearchAction","target":{"@type":"EntryPoint","urlTemplate":"https:\/\/croatialovers.com\/pt-pt\/?s={search_term_string}"},"query-input":{"@type":"PropertyValueSpecification","valueRequired":true,"valueName":"search_term_string"}}],"inLanguage":"pt-PT"},{"@type":"Organization","@id":"https:\/\/croatialovers.com\/pt-pt\/#organization","name":"Croatia Lovers","url":"https:\/\/croatialovers.com\/pt-pt\/","logo":{"@type":"ImageObject","inLanguage":"pt-PT","@id":"https:\/\/croatialovers.com\/pt-pt\/#\/schema\/logo\/image\/","url":"https:\/\/croatialovers.com\/wp-content\/uploads\/2025\/07\/cropped-Croatia-Lovers-Logo-principal_bicolore.bicolore.png","contentUrl":"https:\/\/croatialovers.com\/wp-content\/uploads\/2025\/07\/cropped-Croatia-Lovers-Logo-principal_bicolore.bicolore.png","width":2350,"height":401,"caption":"Croatia Lovers"},"image":{"@id":"https:\/\/croatialovers.com\/pt-pt\/#\/schema\/logo\/image\/"}},{"@type":"Person","@id":"https:\/\/croatialovers.com\/pt-pt\/#\/schema\/person\/45858a7b241e57416d6daba143117890","name":"Claire","image":{"@type":"ImageObject","inLanguage":"pt-PT","@id":"https:\/\/secure.gravatar.com\/avatar\/e3566233826c32de8d7c9ef726a1087654b12cadb092acc17ee1d357687192ff?s=96&d=mm&r=g","url":"https:\/\/secure.gravatar.com\/avatar\/e3566233826c32de8d7c9ef726a1087654b12cadb092acc17ee1d357687192ff?s=96&d=mm&r=g","contentUrl":"https:\/\/secure.gravatar.com\/avatar\/e3566233826c32de8d7c9ef726a1087654b12cadb092acc17ee1d357687192ff?s=96&d=mm&r=g","caption":"Claire"},"url":"https:\/\/croatialovers.com\/pt-pt\/author\/claireregionlovers-fr\/"}]}},"featured_image_src":"https:\/\/croatialovers.com\/wp-content\/uploads\/2026\/04\/Quantos-dias-Istria-600x400.jpg","featured_image_src_square":"https:\/\/croatialovers.com\/wp-content\/uploads\/2026\/04\/Quantos-dias-Istria-600x600.jpg","author_info":{"display_name":"Claire","author_link":"https:\/\/croatialovers.com\/pt-pt\/author\/claireregionlovers-fr\/"},"_links":{"self":[{"href":"https:\/\/croatialovers.com\/pt-pt\/wp-json\/wp\/v2\/posts\/3287","targetHints":{"allow":["GET"]}}],"collection":[{"href":"https:\/\/croatialovers.com\/pt-pt\/wp-json\/wp\/v2\/posts"}],"about":[{"href":"https:\/\/croatialovers.com\/pt-pt\/wp-json\/wp\/v2\/types\/post"}],"author":[{"embeddable":true,"href":"https:\/\/croatialovers.com\/pt-pt\/wp-json\/wp\/v2\/users\/2"}],"replies":[{"embeddable":true,"href":"https:\/\/croatialovers.com\/pt-pt\/wp-json\/wp\/v2\/comments?post=3287"}],"version-history":[{"count":0,"href":"https:\/\/croatialovers.com\/pt-pt\/wp-json\/wp\/v2\/posts\/3287\/revisions"}],"wp:featuredmedia":[{"embeddable":true,"href":"https:\/\/croatialovers.com\/pt-pt\/wp-json\/wp\/v2\/media\/3269"}],"wp:attachment":[{"href":"https:\/\/croatialovers.com\/pt-pt\/wp-json\/wp\/v2\/media?parent=3287"}],"wp:term":[{"taxonomy":"category","embeddable":true,"href":"https:\/\/croatialovers.com\/pt-pt\/wp-json\/wp\/v2\/categories?post=3287"},{"taxonomy":"post_tag","embeddable":true,"href":"https:\/\/croatialovers.com\/pt-pt\/wp-json\/wp\/v2\/tags?post=3287"}],"curies":[{"name":"wp","href":"https:\/\/api.w.org\/{rel}","templated":true}]}}