{"id":5931,"date":"2026-08-31T13:53:38","date_gmt":"2026-08-31T13:53:38","guid":{"rendered":"https:\/\/croatialovers.com\/besog-saint-laurent-katedralen-i-trogir\/"},"modified":"2026-08-31T14:00:29","modified_gmt":"2026-08-31T14:00:29","slug":"besog-katedral-sankt-laurentius-trogir","status":"publish","type":"post","link":"https:\/\/croatialovers.com\/da\/besog-katedral-sankt-laurentius-trogir\/","title":{"rendered":"Katedral Sankt-Laurentius (Trogir): bes\u00f8g + fotos"},"content":{"rendered":"\n<p class=\"wp-block-paragraph\">Sankt-Laurentius-katedralen i Trogir er det mest imponerende monument i denne <strong>gamle by<\/strong>, der er opf\u00f8rt p\u00e5 <strong>UNESCOs verdensarvsliste<\/strong>. Denne katolske basilika med tre skibe forener p\u00e5 harmonisk vis den <strong>romanske<\/strong> og den <strong>gotiske<\/strong> stil og udg\u00f8r et bem\u00e6rkelsesv\u00e6rdigt vidnesbyrd om regionens arkitektoniske historie. <\/p>\n\n<p class=\"wp-block-paragraph\">I denne artikel deler vi vores <strong>nyttige tips med billeder<\/strong>, s\u00e5 du kan forberede dit bes\u00f8g og f\u00e5 det fulde udbytte af dette historierige sted.<\/p>\n\n<figure class=\"wp-block-image size-full\"><img decoding=\"async\" src=\"https:\/\/croatialovers.com\/wp-content\/uploads\/2026\/08\/besog-katedral-saint-laurent-trogir.jpeg\" alt=\"Bes&#xF8;g Sankt Laurentius-katedralen i Trogir\" class=\"wp-image-5920\"\/><\/figure>\n\n<p class=\"wp-block-paragraph\">Dette er en helt <strong>uafh\u00e6ngig<\/strong> udtalelse, baseret p\u00e5 vores egen erfaring. Vi traf vores egne valg, bes\u00f8gte regionen anonymt og betalte vores regninger fuldt ud.<\/p>\n\n<h2 class=\"wp-block-heading\">Hvorfor bes\u00f8ge Sankt Laurentius-katedralen i Trogir<\/h2>\n\n<h3 class=\"wp-block-heading\">Er Sankt Laurentius-katedralen i Trogir et bes\u00f8g v\u00e6rd? Vores vurdering: <\/h3>\n\n<p class=\"wp-block-paragraph\">Ja, Sankt Laurentius-katedralen er et bes\u00f8g v\u00e6rd. Dens <strong>romanske portal, udf\u00f8rt af mester Radovan<\/strong>, og <strong>Sankt Johannes-kapellet<\/strong> giver et enest\u00e5ende indblik i middelalderens religi\u00f8se kunst, mens turen op i klokket\u00e5rnet byder p\u00e5 en <strong>panoramaudsigt<\/strong> over den gamle bydel og omegnen. Det er en af Trogirs absolutte perler, som man ikke m\u00e5 g\u00e5 glip af.  <\/p>\n\n<figure class=\"wp-block-image size-large\"><img decoding=\"async\" src=\"https:\/\/res.cloudinary.com\/dr1k3muv9\/image\/upload\/e_enhance\/e_improve:outdoor:50\/e_contrast:level_35;type_sigmoidal\/e_vibrance:8\/e_saturation:8\/e_sharpen:15\/f_auto\/c_limit,f_webp,q_auto:best,w_800\/fl_layer_apply,g_south_east,l_logomark_croatia,o_90,w_60,x_0,y_0\/v1788169990\/Cathedrale-Saint-Laurent-de-Trogir-FF9.webp\" alt=\"Detaljer udsk&#xE5;ret i sten fra en indgangsport til en kirke eller et religi&#xF8;st museum\"\/><\/figure>\n\n<h3 class=\"wp-block-heading\">Hvorfor er Sankt Laurentius-katedralen i Trogir ber\u00f8mt?<\/h3>\n\n<p class=\"wp-block-paragraph\">Saint-Laurent-katedralen er kendt for sit <strong>vestportale<\/strong>, der blev f\u00e6rdiggjort omkring 1240 af mester Radovan. Dette portale, der er et mesterv\u00e6rk inden for <strong>romansk billedhuggerkunst<\/strong> i Kroatien, viser bibelske scener og dyremotiver, der er fint udsk\u00e5ret og vidner om et enest\u00e5ende h\u00e5ndv\u00e6rk. <\/p>\n\n<p class=\"wp-block-paragraph\">Arkitektonisk set er katedralen et eksempel p\u00e5 en <strong>middelalderlig sammensmeltning<\/strong> af den romanske stil, som kommer til udtryk i dens massive konstruktion, og den gotiske stil, som ses i hv\u00e6lvingerne og det slanke klokket\u00e5rn. Denne kombination afspejler udviklingen i de kunstneriske str\u00f8mninger mellem det 12. og det 15. \u00e5rhundrede. <\/p>\n\n<figure class=\"wp-block-image size-large\"><img decoding=\"async\" src=\"https:\/\/res.cloudinary.com\/dr1k3muv9\/image\/upload\/e_enhance\/e_improve:outdoor:50\/e_contrast:level_35;type_sigmoidal\/e_vibrance:8\/e_saturation:8\/e_sharpen:15\/f_auto\/c_limit,f_webp,q_auto:best,w_800\/fl_layer_apply,g_south_east,l_logomark_croatia,o_90,w_60,x_0,y_0\/v1788169996\/Cathedrale-Saint-Laurent-de-Trogir-7UG.webp\" alt=\"Den udsk&#xE5;rne indgang til Mus&#xE9;e des Arts Sacr&#xE9;s\"\/><\/figure>\n\n<p class=\"wp-block-paragraph\">Katedralen, der ligger i hjertet af <strong>Trogirs historiske centrum<\/strong>, fremst\u00e5r som et imponerende monument, der pr\u00e6ger den gamle bydel. Dens tilstedev\u00e6relse bidrager i h\u00f8j grad til den kulturarvsv\u00e6rdi, der har gjort, at Trogir er blevet optaget p\u00e5 <strong>UNESCOs verdensarvsliste<\/strong>. <\/p>\n\n<figure class=\"wp-block-image size-large\"><img decoding=\"async\" src=\"https:\/\/res.cloudinary.com\/dr1k3muv9\/image\/upload\/e_enhance\/e_improve:outdoor:50\/e_contrast:level_35;type_sigmoidal\/e_vibrance:8\/e_saturation:8\/e_sharpen:15\/f_auto\/c_limit,f_webp,q_auto:best,w_800\/fl_layer_apply,g_south_east,l_logomark_croatia,o_90,w_60,x_0,y_0\/v1788170001\/Trogir-Lieu-SYM.webp\" alt=\"Panoramaudsigt over den gamle bydel og havnen\"\/><\/figure>\n\n<h3 class=\"wp-block-heading\">Vores yndlings\u00f8jeblikke<\/h3>\n\n<ul class=\"wp-block-list\">\n<li>En n\u00f8je betragtning af mester Radovans <strong>udsk\u00e5rne port<\/strong>, hvor hver eneste detalje fort\u00e6ller en bibelsk historie, der er rigt udsk\u00e5ret,<\/li>\n\n\n\n<li>Den sl\u00e5ende kontrast mellem den livlige stemning p\u00e5 pladsen foran katedralen og den <strong>beroligende ro<\/strong> i de indre kapeller,<\/li>\n\n\n\n<li>Selvom trappen op til klokket\u00e5rnet er smal, bel\u00f8nnes man med en <strong>enest\u00e5ende udsigt<\/strong> over Trogirs hustage og Adriaterhavet,<\/li>\n\n\n\n<li>Et \u00f8jeblik, der st\u00e5r stille p\u00e5 en stenterrasse omgivet af s\u00f8jler, med en enest\u00e5ende udsigt over de <strong>gamle hustage<\/strong> og den tidl\u00f8se atmosf\u00e6re i den gamle bydel.<\/li>\n<\/ul>\n\n<h2 class=\"wp-block-heading\">Adgang: Sankt Laurentius-katedralen i Trogir, Trogir<\/h2>\n\n<h3 class=\"wp-block-heading\">Hvor ligger Sankt Laurentius-katedralen i Trogir?<\/h3>\n\n<ul class=\"wp-block-list\">\n<li>Beliggende p\u00e5 hovedtorvet, Trg Ivana Pavla II, i hjertet af Trogirs gamle bydel<\/li>\n\n\n\n<li>I det historiske centrum, der er opf\u00f8rt p\u00e5 UNESCOs verdensarvsliste<\/li>\n\n\n\n<li>I umiddelbar n\u00e6rhed af havnen og de middelalderlige bymure<\/li>\n\n\n\n<li>Let at f\u00e5 \u00f8je p\u00e5 fra de brostensbelagte gader og de omkringliggende pladser<\/li>\n<\/ul>\n\n<h3 class=\"wp-block-heading\">Hvordan kommer jeg derhen?<\/h3>\n\n<p class=\"wp-block-paragraph\"><strong>Trogirs<\/strong> gamle bydel er udelukkende forbeholdt fodg\u00e6ngere, hvilket g\u00f8r det til et must at udforske den til fods. Du kan komme <strong>til Trogir<\/strong> med bus eller b\u00e5d fra <strong>Split og<\/strong> derefter nemt finde vej til katedralen ad de brostensbelagte gader i den historiske bydel. <\/p>\n\n<h3 class=\"wp-block-heading\">Parkeringsplads<\/h3>\n\n<p class=\"wp-block-paragraph\">Der er en betalingsparkering uden for den gamle bydel, kun en kort g\u00e5tur fra katedralen.<\/p>\n\n<figure class=\"wp-block-image size-large\"><img decoding=\"async\" src=\"https:\/\/res.cloudinary.com\/dr1k3muv9\/image\/upload\/e_enhance\/e_improve:outdoor:50\/e_contrast:level_35;type_sigmoidal\/e_vibrance:8\/e_saturation:8\/e_sharpen:15\/f_auto\/c_limit,f_webp,q_auto:best,w_800\/fl_layer_apply,g_south_east,l_logomark_croatia,o_90,w_60,x_0,y_0\/v1783440833\/Cathedrale-Saint-Laurent-de-Trogir-S0C.webp\" alt=\"place de la cath&#xE9;drale\"\/><\/figure>\n\n<div class=\"wp-block-genesis-blocks-gb-container box gb-block-container\" style=\"background-color:#f3dbd6;margin-top:8%;margin-bottom:8%\"><div class=\"gb-container-inside\"><div class=\"gb-container-content\">\n<div class=\"wp-block-columns inverse box_planif is-layout-flex wp-container-core-columns-is-layout-8f761849 wp-block-columns-is-layout-flex\">\n<div class=\"wp-block-column texte_planif is-layout-flow wp-block-column-is-layout-flow\" style=\"flex-basis:58%\">\n<h5 class=\"titre_box\">VORES R\u00c5D TIL LEJNING AF BIL P\u00c5 <span class=\"titre_box_manuscrit\">\nKroatien<\/span><\/h5>\n\n\n\n<ul style=\"font-size:14px\" class=\"wp-block-list liste_voiture\">\n<li>Sammenlign priser p\u00e5 vores foretrukne platform: <a href=\"https:\/\/www.discovercars.com\/dk\/croatia?a_aid=zigzag&amp;chan=croatia\" target=\"_blank\" rel=\"noreferrer noopener sponsored nofollow\">DiscoverCars<\/a> &#8211; en af de bedst bed\u00f8mte sider.<\/li>\n\n\n\n<li>V\u00e6lg en <strong>bil, der er kraftig nok <\/strong>(vejene er stejle), men <strong>kompakt<\/strong> nok (nogle passager er smalle).<\/li>\n\n\n\n<li>Der er stor eftersp\u00f8rgsel, s\u00e5 <strong>book i god tid<\/strong>.<\/li>\n<\/ul>\n<\/div>\n\n\n\n<div class=\"wp-block-column planif-radius-3 is-layout-flow wp-block-column-is-layout-flow\" style=\"flex-basis:42%\">\n<figure class=\"wp-block-image size-large is-resized\"><img decoding=\"async\" src=\"https:\/\/photos.smugmug.com\/Croatia\/Paklenica\/Rando-entr&#xE9;e-1\/i-Tzg4V6J\/0\/KXmXjZbtGwDbJrgcqktnpnrkcSSch3cnNBDJHcqWg\/S\/paklenica%20parc%20enter%201%20and%20hike-004-S.jpg\" alt=\"bil i Kroatien\" title=\"\"\/><\/figure>\n<\/div>\n<\/div>\n\n\n\n<div class=\"wp-block-columns planif_bouton is-layout-flex wp-container-core-columns-is-layout-8f761849 wp-block-columns-is-layout-flex\">\n<div class=\"wp-block-column is-layout-flow wp-block-column-is-layout-flow\" style=\"flex-basis:50%\">\n<div class=\"wp-block-buttons is-content-justification-center is-layout-flex wp-container-core-buttons-is-layout-fe48e5de wp-block-buttons-is-layout-flex\">\n<div class=\"wp-block-button\"><a class=\"wp-block-button__link has-white-color has-text-color has-custom-font-size wp-element-button\" href=\"https:\/\/www.discovercars.com\/fr\/croatia?a_aid=zigzag&amp;chan=croatia\" style=\"border-radius:4px;font-size:14px\" target=\"_blank\" rel=\"noreferrer noopener nofollow\">Se bilerne<img decoding=\"async\" class=\"wp-image-2851\" style=\"width: 16px;\" src=\"https:\/\/provencelovers.fr\/wp-content\/uploads\/2023\/08\/ArrowRight.webp\" alt=\"\"\/><\/a><\/div>\n<\/div>\n<\/div>\n\n\n\n<div class=\"wp-block-column is-vertically-aligned-center is-layout-flow wp-block-column-is-layout-flow\" style=\"flex-basis:50%\">\n<p class=\"has-text-align-center wp-block-paragraph\" style=\"font-size:14px\"><strong>Se vores r\u00e5d<\/strong> (kommer snart)<\/p>\n<\/div>\n<\/div>\n<\/div><\/div><\/div>\n\n<h2 class=\"wp-block-heading\">Nyttige tips: varighed, tidsplaner, m\u00e5ltider&#8230;<\/h2>\n\n<h3 class=\"wp-block-heading\">Bedste tidspunkt at bes\u00f8ge<\/h3>\n\n<p class=\"wp-block-paragraph\">Mange turister tager p\u00e5 en dagstur til Trogir fra Split.<br\/>V\u00e6lg enten tidligt p\u00e5 dagen eller sent p\u00e5 eftermiddagen, s\u00e5 der er f\u00e6rre mennesker.<\/p>\n\n<h3 class=\"wp-block-heading\">Bes\u00f8gets l\u00e6ngde og de st\u00f8rste vanskeligheder<\/h3>\n\n<p class=\"wp-block-paragraph\">S\u00e6t <strong>1 til 2 timer<\/strong> af til at udforske Saint-Laurent-katedralen og dens rum. Turen op i klokket\u00e5rnet ad en <strong>stejl og smal<\/strong> vindeltrappe kan v\u00e6re en udfordring for personer med nedsat mobilitet. <\/p>\n\n<h3 class=\"wp-block-heading\">Bes\u00f8gets retning<\/h3>\n\n<p class=\"wp-block-paragraph\">For at f\u00e5 en smidig rundvisning b\u00f8r du starte ved Mester Radovans <strong>vestport<\/strong> og derefter udforske<strong>det tredelte kirkeskib<\/strong>. Forts\u00e6t videre til <strong>Sankt Johannes-kapellet<\/strong> og skattkammeret, og afslut med at bestige klokket\u00e5rnet. <\/p>\n\n<figure class=\"wp-block-image size-large\"><img decoding=\"async\" src=\"https:\/\/res.cloudinary.com\/dr1k3muv9\/image\/upload\/e_enhance\/e_improve:outdoor:50\/e_contrast:level_35;type_sigmoidal\/e_vibrance:8\/e_saturation:8\/e_sharpen:15\/f_auto\/c_limit,f_webp,q_auto:best,w_800\/fl_layer_apply,g_south_east,l_logomark_croatia,o_90,w_60,x_0,y_0\/v1788170010\/Trogir-Lieu-2Q4.webp\" alt=\"Klokker\"\/><\/figure>\n\n<h3 class=\"wp-block-heading\">Bes\u00f8g med b\u00f8rn<\/h3>\n\n<p class=\"wp-block-paragraph\">Vi har ikke fundet nogen aktiviteter, der er specielt rettet mod b\u00f8rn <strong>,<\/strong> i <strong>Sankt Laurentius<\/strong> -katedralen i <strong>Trogir,<\/strong> s\u00e5som et <strong>aktivitetsh\u00e6fte<\/strong> eller en tilpasset rundvisning. Bes\u00f8get fokuserer derfor prim\u00e6rt p\u00e5 at opleve kulturarven for alle aldersgrupper. <\/p>\n\n<h3 class=\"wp-block-heading\">\u00c5bningstider og priser<\/h3>\n\n<ul class=\"wp-block-list\">\n<li><strong>\u00c5bningstider:<\/strong><br\/>Mandag til l\u00f8rdag: kl. 8.00 til 16.00 for katedralen og t\u00e5rnet<br\/>kl. 8.00 til 15.30 for billetsalg og museet for sakral kunst<\/li>\n\n\n\n<li><strong>Pris for voksne:<\/strong><br\/>6 \u20ac \u2013 kun katedralen<br\/>10 \u20ac (inklusive adgang til klokket\u00e5rnet)<br\/>12 \u20ac \u2013 inkluderer klokket\u00e5rnet og samlingen af sakral kunst<\/li>\n\n\n\n<li>Se de seneste nyheder p\u00e5 den officielle hjemmeside <a href=\"https:\/\/www.visittrogir.hr\/en\/tourist\/attractions\/trogirs-cathedral-complex\" target=\"_blank\" rel=\"nofollow noopener\">her<\/a>.<\/li>\n<\/ul>\n\n<h3 class=\"wp-block-heading\">Guidede ture<\/h3>\n\n<p class=\"wp-block-paragraph\">Guidede rundvisninger giver mulighed for at udforske <strong>Saint-Laurent-katedralen<\/strong> n\u00e6rmere med forklaringer om dens arkitektur og middelalderhistorie.<\/p>\n\n<div style=\"background-color:#fefefe;margin-top:6%;margin-bottom:6%\" class=\"wp-block-genesis-blocks-gb-container box gb-block-container\"><div class=\"gb-container-inside\"><div class=\"gb-container-content\" style=\"max-width:700px\">\n<div class=\"wp-block-columns inverse is-layout-flex wp-container-core-columns-is-layout-8f761849 wp-block-columns-is-layout-flex\">\n<div class=\"wp-block-column texte_planif is-layout-flow wp-block-column-is-layout-flow\" style=\"flex-basis:58%\">\n<h5 class=\"titre_box\">lidt mere <span class=\"titre_box_manuscrit\">t\u00e5lmodighed<\/span><\/h5>\n\n\n\n<p class=\"wp-block-paragraph\" style=\"font-size:14px\">Alle de fotos, kort, oplysninger og nyttige adresser, du skal bruge for at f\u00e5 mest muligt ud af <strong>dit ophold i Kroatien,<\/strong> vil <strong>snart<\/strong> v\u00e6re tilg\u00e6ngelige i en enkelt e-bog!<\/p>\n<\/div>\n\n\n\n<div class=\"wp-block-column is-layout-flow wp-block-column-is-layout-flow\" style=\"flex-basis:42%\">\n<div class=\"wp-block-genesis-blocks-gb-container ebook-radius-waitlist gb-block-container\"><div class=\"gb-container-inside\"><div class=\"gb-container-content\"><div class=\"wp-block-image ebook-image\">\n<figure class=\"aligncenter size-large\"><img decoding=\"async\" src=\"https:\/\/loirelovers.fr\/wp-content\/uploads\/2023\/03\/ebooks_CorseNormandie_FR.png\" alt=\"Box Ebook Korsika FR\"\/><\/figure>\n<\/div><\/div><\/div><\/div>\n<\/div>\n<\/div>\n<\/div><\/div><\/div>\n\n<h2 class=\"wp-block-heading\">Radovans romanske port, en udsk\u00e5ret fort\u00e6lling ved indgangen<\/h2>\n\n<h3 class=\"wp-block-heading\">Skulpturerne p\u00e5 den vestlige indgangsportal<\/h3>\n\n<p class=\"wp-block-paragraph\">Den vestlige portal til <strong>Sankt Laurentius-katedralen,<\/strong> der blev udf\u00f8rt omkring <strong>1240<\/strong> af <strong>mester<\/strong> <strong>Radovan,<\/strong> er et bem\u00e6rkelsesv\u00e6rdigt eksempel p\u00e5 romansk billedhuggerkunst i Kroatien. Dette mesterv\u00e6rk er et udtryk for et rigt billedformsprog, hvor bibelske scener og ornamentale motiver blandes p\u00e5 en m\u00e5de, der indbyder til en opm\u00e6rksom betragtning. <\/p>\n\n<figure class=\"wp-block-image size-large\"><img decoding=\"async\" src=\"https:\/\/res.cloudinary.com\/dr1k3muv9\/image\/upload\/e_enhance\/e_improve:outdoor:50\/e_contrast:level_35;type_sigmoidal\/e_vibrance:8\/e_saturation:8\/e_sharpen:15\/f_auto\/c_limit,f_webp,q_auto:best,w_800\/fl_layer_apply,g_south_east,l_logomark_croatia,o_90,w_60,x_0,y_0\/v1783440844\/Cathedrale-Saint-Laurent-de-Trogir-4KI.webp\" alt=\"Udsk&#xE5;ret stendetalje med putti og plantemotiver\"\/><\/figure>\n\n<p class=\"wp-block-paragraph\">Vi var is\u00e6r betaget af de fine detaljer, is\u00e6r de stiliserede menneskefigurer og dyr, der tilsammen udg\u00f8r en kompleks visuel fort\u00e6lling. Dette portal er en opfordring til at beundre den tekniske mestring og den religi\u00f8se symbolik, der var karakteristisk for middelalderen. <\/p>\n\n<figure class=\"wp-block-image size-large\"><img decoding=\"async\" src=\"https:\/\/res.cloudinary.com\/dr1k3muv9\/image\/upload\/e_enhance\/e_improve:outdoor:50\/e_contrast:level_35;type_sigmoidal\/e_vibrance:8\/e_saturation:8\/e_sharpen:15\/f_auto\/c_limit,f_webp,q_auto:best,w_800\/fl_layer_apply,g_south_east,l_logomark_croatia,o_90,w_60,x_0,y_0\/v1788170018\/Cathedrale-Saint-Laurent-de-Trogir-VCO.webp\" alt=\"Et basrelief udsk&#xE5;ret i sten, der forestiller gamle menneskefigurer.\"\/><\/figure>\n\n<p class=\"wp-block-paragraph\">For jer er denne port en ideel indgang til rundvisningen, da den illustrerer romansk kunst i sin mest udtryksfulde form. G\u00e5 ikke videre, f\u00f8r I har taget jer tid til at beundre disse skulpturer, der vidner om <strong>Trogirs<\/strong> kunstneriske rigdom i <strong>det 13.<\/strong> \u00e5rhundrede. <\/p>\n\n<h3 class=\"wp-block-heading\">L\u00e6s n\u00e6rmere, inden du g\u00e5r ind<\/h3>\n\n<p class=\"wp-block-paragraph\">Inden du tr\u00e6der ind i <strong>Saint-Laurent-katedralen,<\/strong> b\u00f8r du tage dig tid til at betragte facaden, hvor <strong>mester<\/strong> <strong>Radovans<\/strong> vestportal imponerer med sin monumentale st\u00f8rrelse. Skulpturerne, herunder n\u00e6sten livsstore stenl\u00f8ver, skaber en sl\u00e5ende virkning, der indbyder til en opm\u00e6rksom betragtning. Den udvendige arkitektur, der hovedsageligt er romansk, danner baggrund for dette rige skulpturudtryk, hvor menneskefigurer og dyremotiver blandes med en bem\u00e6rkelsesv\u00e6rdig finesse.  <\/p>\n\n<figure class=\"wp-block-image size-large\"><img decoding=\"async\" src=\"https:\/\/res.cloudinary.com\/dr1k3muv9\/image\/upload\/e_enhance\/e_improve:outdoor:50\/e_contrast:level_35;type_sigmoidal\/e_vibrance:8\/e_saturation:8\/e_sharpen:15\/f_auto\/c_limit,f_webp,q_auto:best,w_800\/fl_layer_apply,g_south_east,l_logomark_croatia,o_90,w_60,x_0,y_0\/v1788170022\/Cathedrale-Saint-Laurent-de-Trogir-RDZ.webp\" alt=\"Indgang med detaljerede udsk&#xE6;ringer og bes&#xF8;gende, der sidder udenfor\"\/><\/figure>\n\n<p class=\"wp-block-paragraph\">P\u00e5 arkivolten illustrerer en r\u00e6kke sm\u00e5 figurer \u00e5rets m\u00e5neder gennem scener fra det middelalderlige dagligliv, hvilket tilf\u00f8rer helheden en fort\u00e6llende og tidsm\u00e6ssig dimension. Dette detalje understreger portalens ikonografiske rigdom, som fortsat er et <strong>mesterv\u00e6rk<\/strong> inden for romansk skulptur i <strong>Dalmatien,<\/strong> samtidig med at den varsler de spirende gotiske p\u00e5virkninger. Anordningen af de sceniske elementer indbyder til en gradvis og opm\u00e6rksom fortolkning af facaden.  <\/p>\n\n<p class=\"wp-block-paragraph\">Forholdet mellem portalen og den ydre struktur afspejler katedralens lange arkitektoniske udvikling, der str\u00e6kker sig fra <strong>det 13.<\/strong> til <strong>det 17.<\/strong> \u00e5rhundrede. Den romanske facade, der er beriget med gotiske og <strong>ren\u00e6ssanceinspirerede<\/strong> elementer <strong>,<\/strong> udg\u00f8r en sammenh\u00e6ngende ramme, der fremh\u00e6ver de udsk\u00e5rne udsmykninger. Vi anbefaler, at De indleder Deres bes\u00f8g med denne detaljerede gennemgang, som vil give Dem en bedre forst\u00e5else af de indre rum og monumentets historie.  <\/p>\n\n<h2 class=\"wp-block-heading\">De tre skibe og kapellerne, mellem romansk og gotisk stil<\/h2>\n\n<h3 class=\"wp-block-heading\">Basilikaen og dens hv\u00e6lvinger<\/h3>\n\n<p class=\"wp-block-paragraph\">Sankt Laurentius-katedralen i Trogir er opf\u00f8rt <strong>i en basilikaform med tre skibe<\/strong>, en klassisk grundplan, der inddeler det indre rum i tre adskilte dele, adskilt af massive s\u00f8jler. Denne struktur sikrer en smidig f\u00e6rden og giver et klart udsyn mod koret. <\/p>\n\n<figure class=\"wp-block-image size-large\"><img decoding=\"async\" src=\"https:\/\/res.cloudinary.com\/dr1k3muv9\/image\/upload\/e_enhance\/e_improve:outdoor:50\/e_contrast:level_35;type_sigmoidal\/e_vibrance:8\/e_saturation:8\/e_sharpen:15\/f_auto\/c_limit,f_webp,q_auto:best,w_800\/fl_layer_apply,g_south_east,l_logomark_croatia,o_90,w_60,x_0,y_0\/v1788170025\/Cathedrale-Saint-Laurent-de-Trogir-interior-TBK.webp\" alt=\"Interi&#xF8;ret i et kapel med et baldakin over alteret\"\/><\/figure>\n\n<p class=\"wp-block-paragraph\">Udefra er katedralen <strong>hovedsageligt<\/strong> opf\u00f8rt i <strong>romansk stil<\/strong>, hvilket is\u00e6r kommer til udtryk i facaden og det udsk\u00e5rne vestportal. Disse elementer vidner om den f\u00f8rste byggefase, der er pr\u00e6get af den enkelhed og monumentalitet, der er karakteristisk for den romanske stil. <\/p>\n\n<p class=\"wp-block-paragraph\">I mods\u00e6tning hertil udm\u00e6rker interi\u00f8ret sig ved sine <strong>gotiske krydsribbehv\u00e6lvinger<\/strong>, der d\u00e6kker skibene og giver rummet en lettere og mere luftig fornemmelse. Denne stilistiske udvikling afspejler den lange varighed af byggeriet, der strakte sig fra det 13. til det 15. \u00e5rhundrede, hvor de gotiske nyskabelser gradvist blev indarbejdet. <\/p>\n\n<figure class=\"wp-block-image size-large\"><img decoding=\"async\" src=\"https:\/\/res.cloudinary.com\/dr1k3muv9\/image\/upload\/e_enhance\/e_improve:outdoor:50\/e_contrast:level_35;type_sigmoidal\/e_vibrance:8\/e_saturation:8\/e_sharpen:15\/f_auto\/c_limit,f_webp,q_auto:best,w_800\/fl_layer_apply,g_south_east,l_logomark_croatia,o_90,w_60,x_0,y_0\/v1788170030\/Trogir-Lieu-WHW.webp\" alt=\"Det indre af den romanske kirke\"\/><\/figure>\n\n<p class=\"wp-block-paragraph\">Denne r\u00e6kke af stilarter illustrerer p\u00e5 fin vis katedralens arkitektoniske historie, hvor den romanske strenghed udvendigt viger for et mere raffineret gotisk udtryk indvendigt. Denne kontrast beriger bes\u00f8get ved at give et konkret indblik i udviklingen af middelalderkunsten i <strong>Dalmatien.<\/strong> <\/p>\n\n<p class=\"wp-block-paragraph\">N\u00e5r du bes\u00f8ger katedralen, skal du tage dig tid til at beundre detaljerne i hv\u00e6lvingerne og s\u00f8jlerne, som vidner om et bem\u00e6rkelsesv\u00e6rdigt <strong>h\u00e5ndv\u00e6rk<\/strong>. Denne samspil mellem robusthed og lethed er et af de tr\u00e6k, der g\u00f8r <strong>Saint-Laurent-katedralen<\/strong> s\u00e6rligt interessant. <\/p>\n\n<h3 class=\"wp-block-heading\">Saint-Jean-kapellet og dets gravm\u00e6le<\/h3>\n\n<p class=\"wp-block-paragraph\"><strong>Sankt Johannes-kapellet<\/strong> i Sankt Laurentius-katedralen i Trogir er viet til Sankt Johannes af Trogir, biskop og byens skytshelgen. Her findes hans <strong>grav<\/strong>, et centralt sted for den lokale fromhed, der vidner om det dybe b\u00e5nd mellem menigheden og dens \u00e5ndelige beskytter. Dette helligdom spiller en vigtig rolle i det religi\u00f8se liv i Trogir, is\u00e6r under de \u00e5rlige h\u00f8jtider, der samler byens indbyggere.  <\/p>\n\n<figure class=\"wp-block-image size-large\"><img decoding=\"async\" src=\"https:\/\/res.cloudinary.com\/dr1k3muv9\/image\/upload\/e_enhance\/e_improve:outdoor:50\/e_contrast:level_35;type_sigmoidal\/e_vibrance:8\/e_saturation:8\/e_sharpen:15\/f_auto\/c_limit,f_webp,q_auto:best,w_800\/fl_layer_apply,g_south_east,l_logomark_croatia,o_90,w_60,x_0,y_0\/v1783440873\/Cathedrale-Saint-Laurent-de-Trogir-interior-Z3E.webp\" alt=\"Det rigt udsk&#xE5;rne interi&#xF8;r i Mus&#xE9;e des Arts Sacr&#xE9;s med alter og statuer\"\/><\/figure>\n\n<p class=\"wp-block-paragraph\">Dette kapel er ligeledes et <strong>mesterv\u00e6rk inden for den dalmatiske religi\u00f8se kunst fra det 15. \u00e5rhundrede<\/strong>. Det udm\u00e6rker sig ved sine raffinerede skulpturer og marmordekorationer, udf\u00f8rt af lokale kunstnere som f.eks. Ivan Duknovi\u0107. Disse kunstneriske elementer illustrerer regionens kulturelle rigdom og understreger katedralens betydning som kulturarv.  <\/p>\n\n<p class=\"wp-block-paragraph\">Under dit bes\u00f8g kan du nyde denne blanding<strong>af \u00e5ndelig historie<\/strong> og<strong>kunstnerisk storhed<\/strong>, der g\u00f8r Sankt Johannes-kapellet til et sted, der er b\u00e5de helligt og \u00e6stetisk. Dette sted indbyder til fordybelse og giver samtidig et v\u00e6rdifuldt indblik i de religi\u00f8se traditioner, der har pr\u00e6get Trogir gennem \u00e5rhundreder. <\/p>\n\n<h3 class=\"wp-block-heading\">Atmosf\u00e6ren i de indre kapeller<\/h3>\n\n<figure class=\"wp-block-image size-large\"><img decoding=\"async\" src=\"https:\/\/res.cloudinary.com\/dr1k3muv9\/image\/upload\/e_enhance\/e_improve:outdoor:50\/e_contrast:level_35;type_sigmoidal\/e_vibrance:8\/e_saturation:8\/e_sharpen:15\/f_auto\/c_limit,f_webp,q_auto:best,w_800\/fl_layer_apply,g_south_east,l_logomark_croatia,o_90,w_60,x_0,y_0\/v1788170038\/Trogir-Lieu-WJO.webp\" alt=\"Alter med en statue af Jomfru Maria og et religi&#xF8;st maleri\"\/><\/figure>\n\n<p class=\"wp-block-paragraph\">V\u00e6k fra den livlige stemning udenfor byder de indre kapeller p\u00e5 en mere fredfyldt atmosf\u00e6re, badet i et d\u00e6mpet lys, der fremh\u00e6ver de religi\u00f8se detaljer. Disse rum indbyder til fredfyldt fordybelse, der er ideel til opm\u00e6rksom iagttagelse. <\/p>\n\n<h2 class=\"wp-block-heading\">Det slanke klokket\u00e5rn og udsigten over Trogir<\/h2>\n\n<h3 class=\"wp-block-heading\">En bygning, der ligger mellem venetiansk gotik og ren\u00e6ssance<\/h3>\n\n<p class=\"wp-block-paragraph\"><strong>Klokket\u00e5rnet ved Saint-Laurent-katedralen<\/strong> rager 47 meter op i luften og vidner om en byggeproces, der strakte sig fra <strong>det 14. til det 16. \u00e5rhundrede<\/strong>. Denne lange byggeperiode forklarer, hvorfor der findes forskellige arkitektoniske stilarter, som veksler i t\u00e5rnets h\u00f8jde. Man kan s\u00e5ledes skelne mellem de forskellige indflydelser, der har pr\u00e6get byggeriet.  <\/p>\n\n<figure class=\"wp-block-image size-large\"><img decoding=\"async\" src=\"https:\/\/res.cloudinary.com\/dr1k3muv9\/image\/upload\/e_enhance\/e_improve:outdoor:50\/e_contrast:level_35;type_sigmoidal\/e_vibrance:8\/e_saturation:8\/e_sharpen:15\/f_auto\/c_limit,f_webp,q_auto:best,w_800\/fl_layer_apply,g_south_east,l_logomark_croatia,o_90,w_60,x_0,y_0\/v1788170042\/Trogir-Lieu-V4S.webp\" alt=\"Gotisk klokket&#xE5;rn\"\/><\/figure>\n\n<p class=\"wp-block-paragraph\">Klokket\u00e5rnets <strong>\u00f8verste etager<\/strong> afspejler en markant <strong>gotisk stil<\/strong>, der is\u00e6r kommer til udtryk i spidsbuerne og de slanke \u00e5bninger. Denne del af klokket\u00e5rnet er et godt eksempel p\u00e5 den venetianske gotiks mesterlige udf\u00f8relse, en stil, der udm\u00e6rker sig ved sin elegance og dekorative finesse, som er et arv fra den kulturelle udveksling mellem Dalmatien og Venedig. <\/p>\n\n<figure class=\"wp-block-image size-large\"><img decoding=\"async\" src=\"https:\/\/res.cloudinary.com\/dr1k3muv9\/image\/upload\/e_enhance\/e_improve:outdoor:50\/e_contrast:level_35;type_sigmoidal\/e_vibrance:8\/e_saturation:8\/e_sharpen:15\/f_auto\/c_limit,f_webp,q_auto:best,w_800\/fl_layer_apply,g_south_east,l_logomark_croatia,o_90,w_60,x_0,y_0\/v1788170047\/Cathedrale-Saint-Laurent-de-Trogir-view-ZMX.webp\" alt=\"Det gotiske galleri p&#xE5; Museet for Sakral Kunst\"\/><\/figure>\n\n<p class=\"wp-block-paragraph\">P\u00e5 vej op mod toppen vil De kunne se <strong>ren\u00e6ssancemotiver<\/strong>, der pryder de \u00f8verste dele og markerer en markant stilistisk overgang. Disse dekorative detaljer vidner om regionens kunstneriske udvikling gennem \u00e5rhundrederne og beriger Deres forst\u00e5else af klokket\u00e5rnets arkitektur, inden De begynder opstigningen. <\/p>\n\n<h3 class=\"wp-block-heading\">G\u00e5 op for at se p\u00e5 den gamle bydel<\/h3>\n\n<p class=\"wp-block-paragraph\">Fra toppen af klokket\u00e5rnet p\u00e5 Sankt Laurentius-katedralen str\u00e6kker udsigten sig over hele Trogirs gamle bydel med dens <strong>r\u00f8de tegltage<\/strong> og typiske smalle gader. Denne h\u00f8jde byder p\u00e5 en enest\u00e5ende visuel oplevelse, hvor man kan beundre omr\u00e5dets middelalderlige byplan og den arkitektoniske t\u00e6thed, der kendetegner dette kvarter, der er opf\u00f8rt p\u00e5 UNESCOs verdensarvsliste. <\/p>\n\n<figure class=\"wp-block-image size-large\"><img decoding=\"async\" src=\"https:\/\/res.cloudinary.com\/dr1k3muv9\/image\/upload\/e_enhance\/e_improve:outdoor:50\/e_contrast:level_35;type_sigmoidal\/e_vibrance:8\/e_saturation:8\/e_sharpen:15\/f_auto\/c_limit,f_webp,q_auto:best,w_800\/fl_layer_apply,g_south_east,l_logomark_croatia,o_90,w_60,x_0,y_0\/v1788170051\/Cathedrale-Saint-Laurent-de-Trogir-view-E0Y.webp\" alt=\"Udsigt fra en stenterrasse med s&#xF8;jler ud over gamle tagene\"\/><\/figure>\n\n<p class=\"wp-block-paragraph\">N\u00e5r man bev\u00e6ger sig h\u00f8jere op, \u00e5bner udsigten sig mod det n\u00e6rliggende <strong>Adriaterhav<\/strong> samt havnen i Trogir og de omkringliggende \u00f8er, herunder \u00f8en \u010ciovo. Dette udsigtspunkt giver et v\u00e6rdifuldt indblik i forbindelsen mellem byen og dens maritime omgivelser og styrker forst\u00e5elsen af byens historie og geografi. <\/p>\n\n<figure class=\"wp-block-image size-large\"><img decoding=\"async\" src=\"https:\/\/res.cloudinary.com\/dr1k3muv9\/image\/upload\/e_enhance\/e_improve:outdoor:50\/e_contrast:level_35;type_sigmoidal\/e_vibrance:8\/e_saturation:8\/e_sharpen:15\/f_auto\/c_limit,f_webp,q_auto:best,w_800\/fl_layer_apply,g_south_east,l_logomark_croatia,o_90,w_60,x_0,y_0\/v1788170055\/Trogir-Lieu-FTB.webp\" alt=\"Panoramaudsigt over Trogirs gamle bydel\"\/><\/figure>\n\n<p class=\"wp-block-paragraph\">Man kommer op ad en stejl og smal vindeltrappe, hvilket kan v\u00e6re en udfordring for nogle bes\u00f8gende. Vi anbefaler derfor, at du vurderer din fysiske form og dine forventninger, inden du p\u00e5begynder denne opstigning, som dog er et uundv\u00e6rligt stop for alle, der \u00f8nsker at nyde udsigten og atmosf\u00e6ren i <strong>Trogir<\/strong> fuldt ud <strong>.<\/strong> <\/p>\n\n<h2 class=\"wp-block-heading\">Skattkammeret og katedralens levende rolle<\/h2>\n\n<h3 class=\"wp-block-heading\">Relikvier og religi\u00f8se genstande<\/h3>\n\n<p class=\"wp-block-paragraph\">Sankt Laurentius-katedralen i Trogir rummer et <strong>skatkammer<\/strong>, hvor der opbevares religi\u00f8se genstande, der vidner om katedralens \u00e5ndelige og kulturelle rolle. Samlingen omfatter <strong>helgenrelikvier<\/strong>, messekalker af guld og s\u00f8lv samt broderede liturgiske kl\u00e6der, hvoraf nogle stammer fra middelalderen. Disse genstande illustrerer rigdommen i<strong>den dalmatiske s\u00f8lvsmedekunst<\/strong> og katedralens betydning for den lokale liturgi.  <\/p>\n\n<figure class=\"wp-block-image size-large\"><img decoding=\"async\" src=\"https:\/\/res.cloudinary.com\/dr1k3muv9\/image\/upload\/e_enhance\/e_improve:outdoor:50\/e_contrast:level_35;type_sigmoidal\/e_vibrance:8\/e_saturation:8\/e_sharpen:15\/f_auto\/c_limit,f_webp,q_auto:best,w_800\/fl_layer_apply,g_south_east,l_logomark_croatia,o_90,w_60,x_0,y_0\/v1788170059\/Cathedrale-Saint-Laurent-de-Trogir-2WB.webp\" alt=\"Udstillingsvindue med liturgiske kl&#xE6;der og religi&#xF8;se genstande p&#xE5; museet.\"\/><\/figure>\n\n<p class=\"wp-block-paragraph\">Blandt de vigtigste genstande udm\u00e6rker <strong>Sankt Johannes\u2019 relikviekrukke<\/strong> sig ved sin finesse og historiske v\u00e6rdi. Disse genstande er ikke blot v\u00e6rdifulde p\u00e5 grund af det materiale, de er fremstillet af, men ogs\u00e5 p\u00e5 grund af deres rolle i de religi\u00f8se ceremonier og deres tilknytning til Trogirs historie. Bevarelsen af disse skatte i et s\u00e6rligt rum giver et bedre indblik i katedralens religi\u00f8se funktion gennem \u00e5rhundrederne.  <\/p>\n\n<figure class=\"wp-block-image size-large\"><img decoding=\"async\" src=\"https:\/\/res.cloudinary.com\/dr1k3muv9\/image\/upload\/e_enhance\/e_improve:outdoor:50\/e_contrast:level_35;type_sigmoidal\/e_vibrance:8\/e_saturation:8\/e_sharpen:15\/f_auto\/c_limit,f_webp,q_auto:best,w_800\/fl_layer_apply,g_south_east,l_logomark_croatia,o_90,w_60,x_0,y_0\/v1788170064\/Cathedrale-Saint-Laurent-de-Trogir-IER.webp\" alt=\"Udsk&#xE5;ret sarkofag og marmorstatuer i et museum for sakral kunst\"\/><\/figure>\n\n<p class=\"wp-block-paragraph\">Vi satte is\u00e6r pris p\u00e5 den m\u00e5de, hvorp\u00e5 skattkammeret fremh\u00e6ver sammenh\u00e6ngen mellem fortid og nutid i <strong>Trogirs<\/strong> religi\u00f8se liv <strong>.<\/strong> N\u00e5r man bes\u00f8ger dette rum, f\u00e5r man en fornemmelse af katedralens betydning, ikke kun som arkitektonisk bygningsv\u00e6rk, men ogs\u00e5 som vogter af en levende religi\u00f8s arv, der stadig fejres i forbindelse med <strong>Sankt Laurentius<\/strong> -festen den 10. august hvert \u00e5r.<\/p>\n\n<figure class=\"wp-block-image size-large\"><img decoding=\"async\" src=\"https:\/\/res.cloudinary.com\/dr1k3muv9\/image\/upload\/e_enhance\/e_improve:outdoor:50\/e_contrast:level_35;type_sigmoidal\/e_vibrance:8\/e_saturation:8\/e_sharpen:15\/f_auto\/c_limit,f_webp,q_auto:best,w_800\/fl_layer_apply,g_south_east,l_logomark_croatia,o_90,w_60,x_0,y_0\/v1788170069\/Trogir-Lieu-DLB.webp\" alt=\"Udstillingssalen p&#xE5; Mus&#xE9;e des Arts Sacr&#xE9;s\"\/><\/figure>\n\n<h3 class=\"wp-block-heading\">Et monument i hjertet af Trogir<\/h3>\n\n<p class=\"wp-block-paragraph\">Sankt Laurentius-katedralen indtager en central plads i Trogirs \u00e5ndelige og kulturelle liv. Den er viet til <strong>Sankt Laurentius<\/strong>, en martyr fra det 3. \u00e5rhundrede, og er byens vigtigste religi\u00f8se samlingssted. Hvert \u00e5r markeres Sankt Laurents festdag den 10. august med store <strong>religi\u00f8se ceremonier<\/strong>, der samler indbyggerne omkring deres \u00e5ndelige arv.  <\/p>\n\n<figure class=\"wp-block-image size-large\"><img decoding=\"async\" src=\"https:\/\/res.cloudinary.com\/dr1k3muv9\/image\/upload\/e_enhance\/e_improve:outdoor:50\/e_contrast:level_35;type_sigmoidal\/e_vibrance:8\/e_saturation:8\/e_sharpen:15\/f_auto\/c_limit,f_webp,q_auto:best,w_800\/fl_layer_apply,g_south_east,l_logomark_croatia,o_90,w_60,x_0,y_0\/v1788170073\/Cathedrale-Saint-Laurent-de-Trogir-interior-CLA.webp\" alt=\"Et kirkens indre med alter og en lysekrone i form af et kors\"\/><\/figure>\n\n<p class=\"wp-block-paragraph\">Ud over de traditionelle religi\u00f8se ceremonier som messer, d\u00e5b og bryllupper er katedralen ogs\u00e5 rammen om <strong>kulturelle arrangementer<\/strong> s\u00e5som koncerter med kirkemusik. Disse begivenheder understreger dens rolle som et levende sted, hvor tradition og kunstnerisk udtryk smelter sammen, midt i Trogirs gamle bydel. <\/p>\n\n<p class=\"wp-block-paragraph\">B\u00e5de for indbyggerne og for de bes\u00f8gende er <strong>Sankt-Laurentius-katedralen<\/strong> stadig et uundv\u00e6rligt vartegn. Den er ikke blot et symbol p\u00e5 den lokale tro, men ogs\u00e5 p\u00e5 den kontinuitet i de kulturelle traditioner <strong>,<\/strong> der pr\u00e6ger livet i <strong>Trogir,<\/strong> i t\u00e6t sammenh\u00e6ng med byens rige historiske og arkitektoniske fortid. <\/p>\n\n<h2 class=\"wp-block-heading\">Historien i korte tr\u00e6k<\/h2>\n\n<p class=\"wp-block-paragraph\">Her er de vigtigste datoer, man b\u00f8r huske for at forst\u00e5 historien bag <strong>Sankt Laurentius<\/strong> -katedralen i <strong>Trogir:<\/strong><\/p>\n\n<ul class=\"wp-block-list\">\n<li><strong>1123<\/strong>: Den tidligere bygning blev \u00f8delagt af saracenerne,<\/li>\n\n\n\n<li><strong>1213<\/strong>: genopbygningen p\u00e5begyndes p\u00e5 fundamenterne af en tidligere tidligkristen katedral,<\/li>\n\n\n\n<li>Byggeriet strakte sig ind i <strong>det 17. \u00e5rhundrede<\/strong>, hvilket afspejler sameksistensen af forskellige arkitektoniske stilarter.<\/li>\n<\/ul>\n\n<figure class=\"wp-block-image size-large\"><img decoding=\"async\" src=\"https:\/\/res.cloudinary.com\/dr1k3muv9\/image\/upload\/e_enhance\/e_improve:outdoor:50\/e_contrast:level_35;type_sigmoidal\/e_vibrance:8\/e_saturation:8\/e_sharpen:15\/f_auto\/c_limit,f_webp,q_auto:best,w_800\/fl_layer_apply,g_south_east,l_logomark_croatia,o_90,w_60,x_0,y_0\/v1788170001\/Trogir-Lieu-SYM.webp\" alt=\"Panoramaudsigt over den gamle bydel og havnen\"\/><\/figure>\n\n<h2 class=\"wp-block-heading\">Ofte stillede sp\u00f8rgsm\u00e5l<\/h2>\n\n<h3 class=\"wp-block-heading\">Kan man g\u00e5 op i klokket\u00e5rnet p\u00e5 Sankt Laurentius-katedralen i Trogir?<\/h3>\n\n<p class=\"wp-block-paragraph\">Adgangen til klokket\u00e5rnet i Saint-Laurent-katedralen sker via en <strong>smal og stejl vindeltrappe<\/strong>, hvor den sidste del best\u00e5r af en <strong>stige eller en metalgangbro<\/strong>. Denne udformning kr\u00e6ver en vis fysisk anstrengelse og kan virke <strong>lidt skr\u00e6mmende for folk, der lider af h\u00f8jdeskr\u00e6k<\/strong>. <\/p>\n\n<p class=\"wp-block-paragraph\">Et advarselsskilt g\u00f8r opm\u00e6rksom p\u00e5, at man bestiger klokket\u00e5rnet <strong>p\u00e5 egen risiko<\/strong>, da det ikke er udstyret med moderne sikkerhedsanordninger. Det anbefales desuden at undg\u00e5 at bestige t\u00e5rnet p\u00e5 hele timen, n\u00e5r klokkerne ringer, da den <strong>kraftige lyd<\/strong> kan komme som en overraskelse. <\/p>\n\n<p class=\"wp-block-paragraph\">P\u00e5 toppen bel\u00f8nner udsigten indsatsen: Man kan nyde en <strong>enest\u00e5ende panoramaudsigt<\/strong> over Trogirs gamle bydel, Adriaterhavet og de omkringliggende \u00f8er. Denne oplevelse giver et unikt perspektiv, hvorfra man kan v\u00e6rds\u00e6tte byens historiske og naturlige omgivelser. <\/p>\n\n<div class=\"wp-block-genesis-blocks-gb-container box gb-block-container\" style=\"margin-top:8%;margin-bottom:8%\"><div class=\"gb-container-inside\"><div class=\"gb-container-content\" style=\"max-width:700px\">\n<div class=\"wp-block-genesis-blocks-gb-container box_titre gb-block-container\"><div class=\"gb-container-inside\"><div class=\"gb-container-content\">\n<h5 class=\"titre_box\">PLANL\u00c6G DIN REJSE TIL <span class=\"titre_box_manuscrit\">Kroatien<\/span><\/h5>\n<\/div><\/div><\/div>\n\n\n\n<hr class=\"wp-block-separator has-text-color has-alpha-channel-opacity has-background is-style-wide hr-box-planif\" style=\"background-color:#ccd3dd;color:#ccd3dd\"\/>\n\n\n\n<div class=\"wp-block-columns box_sans_border is-layout-flex wp-container-core-columns-is-layout-8f761849 wp-block-columns-is-layout-flex\">\n<div class=\"wp-block-column texte_planif is-layout-flow wp-block-column-is-layout-flow\" style=\"font-size:14px;flex-basis:60%\">\n<ul class=\"wp-block-list\">\n<li><strong>Best-of<\/strong><\/li>\n<\/ul>\n\n\n\n<p class=\"ul_box wp-block-paragraph\" style=\"font-size:14px\"><a href=\"https:\/\/croatialovers.com\/da\/hvor-tage-hen-kroatien-smukkeste-rejsemal\/\" data-type=\"post\" data-id=\"4957\" target=\"_blank\" rel=\"noreferrer noopener\">De bedste rejsem\u00e5l<\/a><br\/><a href=\"https:\/\/croatialovers.com\/da\/bedste-byer-kroatien\/\" data-type=\"post\" data-id=\"5118\" target=\"_blank\" rel=\"noreferrer noopener\">De smukkeste byer<\/a><br\/>De smukkeste \u00f8er<br\/>Nationalparker<\/p>\n<\/div>\n\n\n\n<div class=\"wp-block-column is-vertically-aligned-top planif-radius is-layout-flow wp-block-column-is-layout-flow\" style=\"flex-basis:40%\">\n<figure class=\"wp-block-image size-large img-portrait\"><img decoding=\"async\" src=\"https:\/\/photos.smugmug.com\/Croatia\/Plitvice\/Parc-National\/Parcours-C\/i-4mnr7zZ\/1\/MxD3CTQ5zkWGmmxL9QmtW5W8fsbrKg9Vk3RzfVCqg\/S\/national%20park%20plitvice%20-%20program%20c-149-S.jpg\" alt=\"Plitvice\" title=\"\"\/><\/figure>\n<\/div>\n<\/div>\n\n\n\n<hr class=\"wp-block-separator has-text-color has-alpha-channel-opacity has-background is-style-wide hr-box-planif\" style=\"background-color:#ccd3dd;color:#ccd3dd\"\/>\n\n\n\n<div class=\"wp-block-columns box_sans_border is-layout-flex wp-container-core-columns-is-layout-8f761849 wp-block-columns-is-layout-flex\">\n<div class=\"wp-block-column texte_planif is-layout-flow wp-block-column-is-layout-flow\" style=\"flex-basis:60%\">\n<ul class=\"wp-block-list\">\n<li><strong>Praktiske r\u00e5d<\/strong><\/li>\n<\/ul>\n\n\n\n<p class=\"wp-block-paragraph\" style=\"font-size:14px\"><br\/>Hvorn\u00e5r skal man rejse? <br\/>S\u00e5dan lejer man en bil i Kroatien<br\/>Tips til k\u00f8rsel<\/p>\n\n\n\n<p class=\"wp-block-paragraph\" style=\"font-size:14px\">Rejseruter <br\/>-road trip: 10 dage \u2013 2 uger \u2013 3 uger<\/p>\n<\/div>\n\n\n\n<div class=\"wp-block-column is-vertically-aligned-top planif-radius is-layout-flow wp-block-column-is-layout-flow\" style=\"flex-basis:40%\">\n<figure class=\"wp-block-image size-large img-portrait\"><img decoding=\"async\" src=\"https:\/\/photos.smugmug.com\/Croatia\/Extra\/i-GLC6J3F\/0\/MRz6mFPrND2n3MxF4FTkGWmsGwCQS8kXw7hMD4T8s\/S\/drive%20croatie-S.jpg\" alt=\"At k&#xF8;re bil i Kroatien\" title=\"\"\/><\/figure>\n<\/div>\n<\/div>\n\n\n\n<hr class=\"wp-block-separator has-text-color has-alpha-channel-opacity has-background is-style-wide hr-box-planif\" style=\"background-color:#ccd3dd;color:#ccd3dd\"\/>\n\n\n\n<div class=\"wp-block-columns box_sans_border is-layout-flex wp-container-core-columns-is-layout-8f761849 wp-block-columns-is-layout-flex\">\n<div class=\"wp-block-column texte_planif is-layout-flow wp-block-column-is-layout-flow\" style=\"flex-basis:60%\">\n<ul class=\"wp-block-list\">\n<li><strong>De uundv\u00e6rlige ting<\/strong><\/li>\n<\/ul>\n\n\n\n<p class=\"wp-block-paragraph\" style=\"font-size:14px\"><a href=\"https:\/\/croatialovers.com\/da\/sevaerdigheder-dubrovnik-besog\/\" data-type=\"post\" data-id=\"2888\" target=\"_blank\" rel=\"noreferrer noopener\">Sev\u00e6rdigheder i Dubrovnik<\/a><br\/><a href=\"https:\/\/croatialovers.com\/da\/sevaerdigheder-zadar-besog\/\" data-type=\"post\" data-id=\"2859\" target=\"_blank\" rel=\"noreferrer noopener\">Sev\u00e6rdigheder i Zadar<\/a><br\/><a href=\"https:\/\/croatialovers.com\/da\/sevaerdigheder-split-besog\/\" data-type=\"post\" data-id=\"5121\" target=\"_blank\" rel=\"noreferrer noopener\">Sev\u00e6rdigheder i Split<\/a><br\/>Sev\u00e6rdigheder i Zagreb<br\/><a href=\"https:\/\/croatialovers.com\/da\/sevaerdigheder-istrien-besog\/\" data-type=\"post\" data-id=\"2777\" target=\"_blank\" rel=\"noreferrer noopener\">Sev\u00e6rdigheder i Istrien<\/a><br\/><a href=\"https:\/\/croatialovers.com\/da\/national-park-plitvice-kroatien\/\" data-type=\"post\" data-id=\"2541\" target=\"_blank\" rel=\"noreferrer noopener\">Plitvice-s\u00f8erne<\/a><br\/><\/p>\n<\/div>\n\n\n\n<div class=\"wp-block-column is-vertically-aligned-top planif-radius is-layout-flow wp-block-column-is-layout-flow\" style=\"flex-basis:40%\">\n<figure class=\"wp-block-image size-large img-portrait\"><img decoding=\"async\" src=\"https:\/\/photos.smugmug.com\/Croatia\/Dubrovnik\/Best\/i-ZpPLHDP\/0\/Kq3fM6kjPnkNQhKMjpwZ645bpH3J3kkSDQg4ztHJB\/S\/IMG_7968-S.jpg\" alt=\"Dubrovnik\" title=\"\"\/><\/figure>\n<\/div>\n<\/div>\n\n\n\n<div style=\"height:30px\" aria-hidden=\"true\" class=\"wp-block-spacer\"><\/div>\n<\/div><\/div><\/div>\n\n<div class=\"wp-block-genesis-blocks-gb-container box_auteur_voyage gb-block-container\"><div class=\"gb-container-inside\"><div class=\"gb-container-content\">\n<figure class=\"wp-block-image size-large img_auteur_voyage img_provisoire\"><a href=\"https:\/\/normandielovers.fr\/claire-robinson\/\" target=\"_blank\" rel=\"noreferrer noopener\"><img decoding=\"async\" src=\"https:\/\/photos.smugmug.com\/Region-Lovers\/Equipe\/i-nsNF6C6\/0\/Cs2F5n96pkt9xFD9D3SVqmQspMhrKgN75nHgBqmjG\/L\/Claire-L.png\" alt=\"\"\/><\/a><\/figure>\n\n\n\n<h5 class=\"titre_auteur_voyage\"><span>HUN SKREV ARTIKLEN\n <\/span><span class=\"titre_box_manuscrit\">Claire<\/span><\/h5>\n<\/div><\/div><\/div>\n\n<p class=\"wp-block-paragraph\"><\/p>\n","protected":false},"excerpt":{"rendered":"<p>Sankt-Laurentius-katedralen i Trogir er det mest imponerende monument i denne gamle by, der er opf\u00f8rt p\u00e5 UNESCOs verdensarvsliste. Denne katolske basilika med tre skibe forener p\u00e5 harmonisk vis den romanske og den gotiske stil og udg\u00f8r et bem\u00e6rkelsesv\u00e6rdigt vidnesbyrd om regionens arkitektoniske historie. I denne artikel deler vi vores nyttige tips med billeder, s\u00e5 du [&hellip;]<\/p>\n","protected":false},"author":2,"featured_media":5922,"comment_status":"closed","ping_status":"closed","sticky":false,"template":"","format":"standard","meta":{"_genesis_hide_title":false,"_genesis_hide_breadcrumbs":false,"_genesis_hide_singular_image":false,"_genesis_hide_footer_widgets":false,"_genesis_custom_body_class":"","_genesis_custom_post_class":"","_genesis_layout":"","footnotes":""},"categories":[1],"tags":[],"class_list":["post-5931","post","type-post","status-publish","format-standard","has-post-thumbnail","category-non-categorise","entry"],"yoast_head":"<!-- This site is optimized with the Yoast SEO plugin v28.3 - https:\/\/yoast.com\/product\/yoast-seo-wordpress\/ -->\n<title>Saint-Laurent-katedralen (Trogir): bes\u00f8g + fotos<\/title>\n<meta name=\"description\" content=\"Vores tips og billeder til et bes\u00f8g i Sankt Laurentius-katedralen i Trogir: adgang, sev\u00e6rdigheder, praktisk information\" \/>\n<meta name=\"robots\" content=\"index, follow, max-snippet:-1, max-image-preview:large, max-video-preview:-1\" \/>\n<link rel=\"canonical\" href=\"https:\/\/croatialovers.com\/da\/besog-katedral-sankt-laurentius-trogir\/\" \/>\n<meta property=\"og:locale\" content=\"da_DK\" \/>\n<meta property=\"og:type\" content=\"article\" \/>\n<meta property=\"og:title\" content=\"Saint-Laurent-katedralen (Trogir): bes\u00f8g + fotos\" \/>\n<meta property=\"og:description\" content=\"Vores tips og billeder til et bes\u00f8g i Sankt Laurentius-katedralen i Trogir: adgang, sev\u00e6rdigheder, praktisk information\" \/>\n<meta property=\"og:url\" content=\"https:\/\/croatialovers.com\/da\/besog-katedral-sankt-laurentius-trogir\/\" \/>\n<meta property=\"og:site_name\" content=\"Croatia Lovers\" \/>\n<meta property=\"article:published_time\" content=\"2026-08-31T13:53:38+00:00\" \/>\n<meta property=\"article:modified_time\" content=\"2026-08-31T14:00:29+00:00\" \/>\n<meta property=\"og:image\" content=\"https:\/\/croatialovers.com\/wp-content\/uploads\/2026\/08\/besog-katedral-saint-laurent-trogir.jpeg\" \/>\n\t<meta property=\"og:image:width\" content=\"800\" \/>\n\t<meta property=\"og:image:height\" content=\"600\" \/>\n\t<meta property=\"og:image:type\" content=\"image\/jpeg\" \/>\n<meta name=\"author\" content=\"Claire\" \/>\n<meta name=\"twitter:card\" content=\"summary_large_image\" \/>\n<meta name=\"twitter:label1\" content=\"Written by\" \/>\n\t<meta name=\"twitter:data1\" content=\"Claire\" \/>\n\t<meta name=\"twitter:label2\" content=\"Est. reading time\" \/>\n\t<meta name=\"twitter:data2\" content=\"13 minutter\" \/>\n<script type=\"application\/ld+json\" class=\"yoast-schema-graph\">{\"@context\":\"https:\\\/\\\/schema.org\",\"@graph\":[{\"@type\":\"Article\",\"@id\":\"https:\\\/\\\/croatialovers.com\\\/da\\\/besog-katedral-sankt-laurentius-trogir\\\/#article\",\"isPartOf\":{\"@id\":\"https:\\\/\\\/croatialovers.com\\\/da\\\/besog-katedral-sankt-laurentius-trogir\\\/\"},\"author\":{\"name\":\"Claire\",\"@id\":\"https:\\\/\\\/croatialovers.com\\\/da\\\/#\\\/schema\\\/person\\\/45858a7b241e57416d6daba143117890\"},\"headline\":\"Katedral Sankt-Laurentius (Trogir): bes\u00f8g + fotos\",\"datePublished\":\"2026-08-31T13:53:38+00:00\",\"dateModified\":\"2026-08-31T14:00:29+00:00\",\"mainEntityOfPage\":{\"@id\":\"https:\\\/\\\/croatialovers.com\\\/da\\\/besog-katedral-sankt-laurentius-trogir\\\/\"},\"wordCount\":2536,\"publisher\":{\"@id\":\"https:\\\/\\\/croatialovers.com\\\/da\\\/#organization\"},\"image\":{\"@id\":\"https:\\\/\\\/croatialovers.com\\\/da\\\/besog-katedral-sankt-laurentius-trogir\\\/#primaryimage\"},\"thumbnailUrl\":\"https:\\\/\\\/croatialovers.com\\\/wp-content\\\/uploads\\\/2026\\\/08\\\/besog-katedral-saint-laurent-trogir.jpeg\",\"articleSection\":[\"Non cat\u00e9goris\u00e9\"],\"inLanguage\":\"da-DK\"},{\"@type\":\"WebPage\",\"@id\":\"https:\\\/\\\/croatialovers.com\\\/da\\\/besog-katedral-sankt-laurentius-trogir\\\/\",\"url\":\"https:\\\/\\\/croatialovers.com\\\/da\\\/besog-katedral-sankt-laurentius-trogir\\\/\",\"name\":\"Saint-Laurent-katedralen (Trogir): bes\u00f8g + fotos\",\"isPartOf\":{\"@id\":\"https:\\\/\\\/croatialovers.com\\\/da\\\/#website\"},\"primaryImageOfPage\":{\"@id\":\"https:\\\/\\\/croatialovers.com\\\/da\\\/besog-katedral-sankt-laurentius-trogir\\\/#primaryimage\"},\"image\":{\"@id\":\"https:\\\/\\\/croatialovers.com\\\/da\\\/besog-katedral-sankt-laurentius-trogir\\\/#primaryimage\"},\"thumbnailUrl\":\"https:\\\/\\\/croatialovers.com\\\/wp-content\\\/uploads\\\/2026\\\/08\\\/besog-katedral-saint-laurent-trogir.jpeg\",\"datePublished\":\"2026-08-31T13:53:38+00:00\",\"dateModified\":\"2026-08-31T14:00:29+00:00\",\"description\":\"Vores tips og billeder til et bes\u00f8g i Sankt Laurentius-katedralen i Trogir: adgang, sev\u00e6rdigheder, praktisk information\",\"breadcrumb\":{\"@id\":\"https:\\\/\\\/croatialovers.com\\\/da\\\/besog-katedral-sankt-laurentius-trogir\\\/#breadcrumb\"},\"inLanguage\":\"da-DK\",\"potentialAction\":[{\"@type\":\"ReadAction\",\"target\":[\"https:\\\/\\\/croatialovers.com\\\/da\\\/besog-katedral-sankt-laurentius-trogir\\\/\"]}]},{\"@type\":\"ImageObject\",\"inLanguage\":\"da-DK\",\"@id\":\"https:\\\/\\\/croatialovers.com\\\/da\\\/besog-katedral-sankt-laurentius-trogir\\\/#primaryimage\",\"url\":\"https:\\\/\\\/croatialovers.com\\\/wp-content\\\/uploads\\\/2026\\\/08\\\/besog-katedral-saint-laurent-trogir.jpeg\",\"contentUrl\":\"https:\\\/\\\/croatialovers.com\\\/wp-content\\\/uploads\\\/2026\\\/08\\\/besog-katedral-saint-laurent-trogir.jpeg\",\"width\":800,\"height\":600,\"caption\":\"Bes\u00f8g Sankt Laurents katedral i Trogir\"},{\"@type\":\"BreadcrumbList\",\"@id\":\"https:\\\/\\\/croatialovers.com\\\/da\\\/besog-katedral-sankt-laurentius-trogir\\\/#breadcrumb\",\"itemListElement\":[{\"@type\":\"ListItem\",\"position\":1,\"name\":\"Hjem\",\"item\":\"https:\\\/\\\/croatialovers.com\\\/da\\\/\"},{\"@type\":\"ListItem\",\"position\":2,\"name\":\"Non cat\u00e9goris\u00e9\",\"item\":\"https:\\\/\\\/croatialovers.com\\\/da\\\/category\\\/non-categorise\\\/\"},{\"@type\":\"ListItem\",\"position\":3,\"name\":\"Katedral Sankt-Laurentius (Trogir): bes\u00f8g + fotos\"}]},{\"@type\":\"WebSite\",\"@id\":\"https:\\\/\\\/croatialovers.com\\\/da\\\/#website\",\"url\":\"https:\\\/\\\/croatialovers.com\\\/da\\\/\",\"name\":\"Croatia Lovers\",\"description\":\"Pour r\u00e9veiller vos sens en Croatie - Le blog de Claire et Manu\",\"publisher\":{\"@id\":\"https:\\\/\\\/croatialovers.com\\\/da\\\/#organization\"},\"potentialAction\":[{\"@type\":\"SearchAction\",\"target\":{\"@type\":\"EntryPoint\",\"urlTemplate\":\"https:\\\/\\\/croatialovers.com\\\/da\\\/?s={search_term_string}\"},\"query-input\":{\"@type\":\"PropertyValueSpecification\",\"valueRequired\":true,\"valueName\":\"search_term_string\"}}],\"inLanguage\":\"da-DK\"},{\"@type\":\"Organization\",\"@id\":\"https:\\\/\\\/croatialovers.com\\\/da\\\/#organization\",\"name\":\"Croatia Lovers\",\"url\":\"https:\\\/\\\/croatialovers.com\\\/da\\\/\",\"logo\":{\"@type\":\"ImageObject\",\"inLanguage\":\"da-DK\",\"@id\":\"https:\\\/\\\/croatialovers.com\\\/da\\\/#\\\/schema\\\/logo\\\/image\\\/\",\"url\":\"https:\\\/\\\/croatialovers.com\\\/wp-content\\\/uploads\\\/2025\\\/07\\\/cropped-Croatia-Lovers-Logo-principal_bicolore.bicolore.png\",\"contentUrl\":\"https:\\\/\\\/croatialovers.com\\\/wp-content\\\/uploads\\\/2025\\\/07\\\/cropped-Croatia-Lovers-Logo-principal_bicolore.bicolore.png\",\"width\":2350,\"height\":401,\"caption\":\"Croatia Lovers\"},\"image\":{\"@id\":\"https:\\\/\\\/croatialovers.com\\\/da\\\/#\\\/schema\\\/logo\\\/image\\\/\"}},{\"@type\":\"Person\",\"@id\":\"https:\\\/\\\/croatialovers.com\\\/da\\\/#\\\/schema\\\/person\\\/45858a7b241e57416d6daba143117890\",\"name\":\"Claire\",\"image\":{\"@type\":\"ImageObject\",\"inLanguage\":\"da-DK\",\"@id\":\"https:\\\/\\\/secure.gravatar.com\\\/avatar\\\/e3566233826c32de8d7c9ef726a1087654b12cadb092acc17ee1d357687192ff?s=96&d=mm&r=g\",\"url\":\"https:\\\/\\\/secure.gravatar.com\\\/avatar\\\/e3566233826c32de8d7c9ef726a1087654b12cadb092acc17ee1d357687192ff?s=96&d=mm&r=g\",\"contentUrl\":\"https:\\\/\\\/secure.gravatar.com\\\/avatar\\\/e3566233826c32de8d7c9ef726a1087654b12cadb092acc17ee1d357687192ff?s=96&d=mm&r=g\",\"caption\":\"Claire\"},\"url\":\"https:\\\/\\\/croatialovers.com\\\/da\\\/author\\\/claireregionlovers-fr\\\/\"}]}<\/script>\n<!-- \/ Yoast SEO plugin. -->","yoast_head_json":{"title":"Saint-Laurent-katedralen (Trogir): bes\u00f8g + fotos","description":"Vores tips og billeder til et bes\u00f8g i Sankt Laurentius-katedralen i Trogir: adgang, sev\u00e6rdigheder, praktisk information","robots":{"index":"index","follow":"follow","max-snippet":"max-snippet:-1","max-image-preview":"max-image-preview:large","max-video-preview":"max-video-preview:-1"},"canonical":"https:\/\/croatialovers.com\/da\/besog-katedral-sankt-laurentius-trogir\/","og_locale":"da_DK","og_type":"article","og_title":"Saint-Laurent-katedralen (Trogir): bes\u00f8g + fotos","og_description":"Vores tips og billeder til et bes\u00f8g i Sankt Laurentius-katedralen i Trogir: adgang, sev\u00e6rdigheder, praktisk information","og_url":"https:\/\/croatialovers.com\/da\/besog-katedral-sankt-laurentius-trogir\/","og_site_name":"Croatia Lovers","article_published_time":"2026-08-31T13:53:38+00:00","article_modified_time":"2026-08-31T14:00:29+00:00","og_image":[{"width":800,"height":600,"url":"https:\/\/croatialovers.com\/wp-content\/uploads\/2026\/08\/besog-katedral-saint-laurent-trogir.jpeg","type":"image\/jpeg"}],"author":"Claire","twitter_card":"summary_large_image","twitter_misc":{"Written by":"Claire","Est. reading time":"13 minutter"},"schema":{"@context":"https:\/\/schema.org","@graph":[{"@type":"Article","@id":"https:\/\/croatialovers.com\/da\/besog-katedral-sankt-laurentius-trogir\/#article","isPartOf":{"@id":"https:\/\/croatialovers.com\/da\/besog-katedral-sankt-laurentius-trogir\/"},"author":{"name":"Claire","@id":"https:\/\/croatialovers.com\/da\/#\/schema\/person\/45858a7b241e57416d6daba143117890"},"headline":"Katedral Sankt-Laurentius (Trogir): bes\u00f8g + fotos","datePublished":"2026-08-31T13:53:38+00:00","dateModified":"2026-08-31T14:00:29+00:00","mainEntityOfPage":{"@id":"https:\/\/croatialovers.com\/da\/besog-katedral-sankt-laurentius-trogir\/"},"wordCount":2536,"publisher":{"@id":"https:\/\/croatialovers.com\/da\/#organization"},"image":{"@id":"https:\/\/croatialovers.com\/da\/besog-katedral-sankt-laurentius-trogir\/#primaryimage"},"thumbnailUrl":"https:\/\/croatialovers.com\/wp-content\/uploads\/2026\/08\/besog-katedral-saint-laurent-trogir.jpeg","articleSection":["Non cat\u00e9goris\u00e9"],"inLanguage":"da-DK"},{"@type":"WebPage","@id":"https:\/\/croatialovers.com\/da\/besog-katedral-sankt-laurentius-trogir\/","url":"https:\/\/croatialovers.com\/da\/besog-katedral-sankt-laurentius-trogir\/","name":"Saint-Laurent-katedralen (Trogir): bes\u00f8g + fotos","isPartOf":{"@id":"https:\/\/croatialovers.com\/da\/#website"},"primaryImageOfPage":{"@id":"https:\/\/croatialovers.com\/da\/besog-katedral-sankt-laurentius-trogir\/#primaryimage"},"image":{"@id":"https:\/\/croatialovers.com\/da\/besog-katedral-sankt-laurentius-trogir\/#primaryimage"},"thumbnailUrl":"https:\/\/croatialovers.com\/wp-content\/uploads\/2026\/08\/besog-katedral-saint-laurent-trogir.jpeg","datePublished":"2026-08-31T13:53:38+00:00","dateModified":"2026-08-31T14:00:29+00:00","description":"Vores tips og billeder til et bes\u00f8g i Sankt Laurentius-katedralen i Trogir: adgang, sev\u00e6rdigheder, praktisk information","breadcrumb":{"@id":"https:\/\/croatialovers.com\/da\/besog-katedral-sankt-laurentius-trogir\/#breadcrumb"},"inLanguage":"da-DK","potentialAction":[{"@type":"ReadAction","target":["https:\/\/croatialovers.com\/da\/besog-katedral-sankt-laurentius-trogir\/"]}]},{"@type":"ImageObject","inLanguage":"da-DK","@id":"https:\/\/croatialovers.com\/da\/besog-katedral-sankt-laurentius-trogir\/#primaryimage","url":"https:\/\/croatialovers.com\/wp-content\/uploads\/2026\/08\/besog-katedral-saint-laurent-trogir.jpeg","contentUrl":"https:\/\/croatialovers.com\/wp-content\/uploads\/2026\/08\/besog-katedral-saint-laurent-trogir.jpeg","width":800,"height":600,"caption":"Bes\u00f8g Sankt Laurents katedral i Trogir"},{"@type":"BreadcrumbList","@id":"https:\/\/croatialovers.com\/da\/besog-katedral-sankt-laurentius-trogir\/#breadcrumb","itemListElement":[{"@type":"ListItem","position":1,"name":"Hjem","item":"https:\/\/croatialovers.com\/da\/"},{"@type":"ListItem","position":2,"name":"Non cat\u00e9goris\u00e9","item":"https:\/\/croatialovers.com\/da\/category\/non-categorise\/"},{"@type":"ListItem","position":3,"name":"Katedral Sankt-Laurentius (Trogir): bes\u00f8g + fotos"}]},{"@type":"WebSite","@id":"https:\/\/croatialovers.com\/da\/#website","url":"https:\/\/croatialovers.com\/da\/","name":"Croatia Lovers","description":"Pour r\u00e9veiller vos sens en Croatie - Le blog de Claire et Manu","publisher":{"@id":"https:\/\/croatialovers.com\/da\/#organization"},"potentialAction":[{"@type":"SearchAction","target":{"@type":"EntryPoint","urlTemplate":"https:\/\/croatialovers.com\/da\/?s={search_term_string}"},"query-input":{"@type":"PropertyValueSpecification","valueRequired":true,"valueName":"search_term_string"}}],"inLanguage":"da-DK"},{"@type":"Organization","@id":"https:\/\/croatialovers.com\/da\/#organization","name":"Croatia Lovers","url":"https:\/\/croatialovers.com\/da\/","logo":{"@type":"ImageObject","inLanguage":"da-DK","@id":"https:\/\/croatialovers.com\/da\/#\/schema\/logo\/image\/","url":"https:\/\/croatialovers.com\/wp-content\/uploads\/2025\/07\/cropped-Croatia-Lovers-Logo-principal_bicolore.bicolore.png","contentUrl":"https:\/\/croatialovers.com\/wp-content\/uploads\/2025\/07\/cropped-Croatia-Lovers-Logo-principal_bicolore.bicolore.png","width":2350,"height":401,"caption":"Croatia Lovers"},"image":{"@id":"https:\/\/croatialovers.com\/da\/#\/schema\/logo\/image\/"}},{"@type":"Person","@id":"https:\/\/croatialovers.com\/da\/#\/schema\/person\/45858a7b241e57416d6daba143117890","name":"Claire","image":{"@type":"ImageObject","inLanguage":"da-DK","@id":"https:\/\/secure.gravatar.com\/avatar\/e3566233826c32de8d7c9ef726a1087654b12cadb092acc17ee1d357687192ff?s=96&d=mm&r=g","url":"https:\/\/secure.gravatar.com\/avatar\/e3566233826c32de8d7c9ef726a1087654b12cadb092acc17ee1d357687192ff?s=96&d=mm&r=g","contentUrl":"https:\/\/secure.gravatar.com\/avatar\/e3566233826c32de8d7c9ef726a1087654b12cadb092acc17ee1d357687192ff?s=96&d=mm&r=g","caption":"Claire"},"url":"https:\/\/croatialovers.com\/da\/author\/claireregionlovers-fr\/"}]}},"featured_image_src":"https:\/\/croatialovers.com\/wp-content\/uploads\/2026\/08\/besog-katedral-saint-laurent-trogir-600x400.jpeg","featured_image_src_square":"https:\/\/croatialovers.com\/wp-content\/uploads\/2026\/08\/besog-katedral-saint-laurent-trogir-600x600.jpeg","author_info":{"display_name":"Claire","author_link":"https:\/\/croatialovers.com\/da\/author\/claireregionlovers-fr\/"},"_links":{"self":[{"href":"https:\/\/croatialovers.com\/da\/wp-json\/wp\/v2\/posts\/5931","targetHints":{"allow":["GET"]}}],"collection":[{"href":"https:\/\/croatialovers.com\/da\/wp-json\/wp\/v2\/posts"}],"about":[{"href":"https:\/\/croatialovers.com\/da\/wp-json\/wp\/v2\/types\/post"}],"author":[{"embeddable":true,"href":"https:\/\/croatialovers.com\/da\/wp-json\/wp\/v2\/users\/2"}],"replies":[{"embeddable":true,"href":"https:\/\/croatialovers.com\/da\/wp-json\/wp\/v2\/comments?post=5931"}],"version-history":[{"count":6,"href":"https:\/\/croatialovers.com\/da\/wp-json\/wp\/v2\/posts\/5931\/revisions"}],"predecessor-version":[{"id":5969,"href":"https:\/\/croatialovers.com\/da\/wp-json\/wp\/v2\/posts\/5931\/revisions\/5969"}],"wp:featuredmedia":[{"embeddable":true,"href":"https:\/\/croatialovers.com\/da\/wp-json\/wp\/v2\/media\/5922"}],"wp:attachment":[{"href":"https:\/\/croatialovers.com\/da\/wp-json\/wp\/v2\/media?parent=5931"}],"wp:term":[{"taxonomy":"category","embeddable":true,"href":"https:\/\/croatialovers.com\/da\/wp-json\/wp\/v2\/categories?post=5931"},{"taxonomy":"post_tag","embeddable":true,"href":"https:\/\/croatialovers.com\/da\/wp-json\/wp\/v2\/tags?post=5931"}],"curies":[{"name":"wp","href":"https:\/\/api.w.org\/{rel}","templated":true}]}}