{"id":3286,"date":"2026-04-29T09:04:34","date_gmt":"2026-04-29T09:04:34","guid":{"rendered":"https:\/\/croatialovers.com\/combien-jours-partir-istrie\/"},"modified":"2026-04-29T10:57:37","modified_gmt":"2026-04-29T10:57:37","slug":"hvor-mange-dage-istrien","status":"publish","type":"post","link":"https:\/\/croatialovers.com\/da\/hvor-mange-dage-istrien\/","title":{"rendered":"Hvor mange dage i Istrien?"},"content":{"rendered":"\n<p>Har du lyst til at komme v\u00e6k i flere dage for at opleve det bedste af denne kroatiske halv\u00f8?<br\/>Her er vores r\u00e5d til, hvordan du v\u00e6lger det antal dage, du vil tilbringe i Istrien.<\/p>\n\n<figure class=\"wp-block-image size-full\"><img decoding=\"async\" src=\"https:\/\/croatialovers.com\/wp-content\/uploads\/2026\/04\/Hvor-mange-dage-Istrien.jpg\" alt=\"Hvor mange dages Istrien-tid\" class=\"wp-image-3263\"\/><\/figure>\n\n<p>Dette er en helt <strong>uafh\u00e6ngig<\/strong> udtalelse, baseret p\u00e5 vores egen erfaring. Vi traf vores egne valg, bes\u00f8gte regionen anonymt og betalte vores regninger fuldt ud.<\/p>\n\n<h2 class=\"wp-block-heading\">Hvor mange dage i Istrien: hurtige svar<\/h2>\n\n<ul class=\"wp-block-list\">\n<li>Minimum for at f\u00e5 et <strong>overblik over<\/strong> regionen: 3 dage<\/li>\n\n\n\n<li>Antal dage til at se <strong>alle de mest ber\u00f8mte steder<\/strong>: 5 til 7 dage<\/li>\n\n\n\n<li>Efter vores mening er det ideelle antal dage for <strong>virkelig at nyde det<\/strong> 7 til 10 dage.<\/li>\n\n\n\n<li>Hvis du bare vil tilbringe lidt tid p\u00e5 stranden &#8230; det kommer helt an p\u00e5, hvor mange dage du har til r\u00e5dighed og dit budget.<\/li>\n<\/ul>\n\n<p>Der er ikke noget universelt svar p\u00e5 dette sp\u00f8rgsm\u00e5l. Det afh\u00e6nger af en r\u00e6kke kriterier. Vi giver dig flere detaljer i artiklen for at hj\u00e6lpe dig med at tr\u00e6ffe din beslutning.<\/p>\n\n<figure class=\"wp-block-image size-large\"><img decoding=\"async\" src=\"https:\/\/photos.smugmug.com\/Croatia\/Istrie-Best-of\/i-RV2zLG5\/0\/MFgr2VRfpc6wpc3FKZPXphrBMg3TLFfK5TVcJchZR\/L\/istrie%20-%20rovinj-1-L.jpg\" alt=\"Rovinj i Istrien\"\/><\/figure>\n\n<div style=\"background-color:#ffffff;margin-top:8%;margin-bottom:8%\" class=\"wp-block-genesis-blocks-gb-container box gb-block-container\"><div class=\"gb-container-inside\"><div class=\"gb-container-content\" style=\"max-width:700px\">\n<div class=\"wp-block-columns is-not-stacked-on-mobile texte_planif has-background is-layout-flex wp-container-core-columns-is-layout-9d6595d7 wp-block-columns-is-layout-flex\" style=\"background-color:#f5a39040\">\n<div class=\"wp-block-column img_icone is-layout-flow wp-block-column-is-layout-flow\" style=\"flex-basis:25%\"><div class=\"wp-block-image image_icone\">\n<figure class=\"aligncenter size-full is-resized\"><img loading=\"lazy\" decoding=\"async\" width=\"400\" height=\"400\" src=\"https:\/\/croatialovers.com\/wp-content\/uploads\/2026\/01\/croatia-plane.png\" alt=\"kroatien fly\" class=\"wp-image-2797\" style=\"object-fit:cover;width:100px;height:100px\" srcset=\"https:\/\/croatialovers.com\/wp-content\/uploads\/2026\/01\/croatia-plane.png 400w, https:\/\/croatialovers.com\/wp-content\/uploads\/2026\/01\/croatia-plane-300x300.png 300w, https:\/\/croatialovers.com\/wp-content\/uploads\/2026\/01\/croatia-plane-150x150.png 150w, https:\/\/croatialovers.com\/wp-content\/uploads\/2026\/01\/croatia-plane-75x75.png 75w\" sizes=\"auto, (max-width: 400px) 100vw, 400px\" \/><\/figure>\n<\/div><\/div>\n\n\n\n<div class=\"wp-block-column is-vertically-aligned-center paragraphe_une is-layout-flow wp-block-column-is-layout-flow\" style=\"flex-basis:90%\">\n<p style=\"font-size:16px\">Det er tid til at booke!<br\/><a href=\"https:\/\/skyscanner.pxf.io\/dONaXy\" target=\"_blank\" rel=\"noreferrer noopener sponsored nofollow\"><strong>Sammenlign alt:<\/strong> selskaber, priser, k\u00f8replaner og tilg\u00e6ngelighed.<\/a><\/p>\n<\/div>\n<\/div>\n<\/div><\/div><\/div>\n\n<h2 class=\"wp-block-heading\">Antal dage til at se de vigtigste steder<\/h2>\n\n<p>Efter vores mening er de steder, man virkelig skal se, f\u00f8lgende:<\/p>\n\n<ul class=\"wp-block-list\">\n<li>Rovinj og den gamle bydel p\u00e5 halv\u00f8en<\/li>\n\n\n\n<li>Det romerske amfiteater i Pula (Arena de Pula) er et af de bedst bevarede i verden.<\/li>\n\n\n\n<li>Eufrasius-basilikaen i Pore\u010d, som er p\u00e5 UNESCO&#8217;s verdensarvsliste for sine byzantinske mosaikker fra det 6. \u00e5rhundrede.<\/li>\n\n\n\n<li>Bjerglandsbyer inde i landet: Motovun, Gro\u017enjan og Hum<\/li>\n\n\n\n<li>Brijuni Nationalpark (\u00f8erne ud for Fa\u017eana)<\/li>\n\n\n\n<li>Vinmarker og tr\u00f8ffelruter i baglandet<\/li>\n<\/ul>\n\n<p>Vi mener, at man p\u00e5 5 til 7 dage sagtens kan n\u00e5 halv\u00f8ens mest kendte steder. Istriens mangfoldighed er spredt mellem vestkysten, \u00f8stkysten og det kuperede indre, hvilket kr\u00e6ver lidt mere tid, end hvis alt var koncentreret p\u00e5 en enkelt akse. <\/p>\n\n<p>L\u00e6s mere i <a href=\"https:\/\/croatialovers.com\/da\/sevaerdigheder-istrien-besog\/\" type=\"post\" id=\"2777\" target=\"_blank\" rel=\"noreferrer noopener\">vores artikel om de bedste attraktioner i Istrien<\/a>.<\/p>\n\n<figure class=\"wp-block-image size-large\"><img decoding=\"async\" src=\"https:\/\/photos.smugmug.com\/Croatia\/Pula\/Divers-pratique\/i-4n4JJrM\/0\/Kjpx7jBXBLsV5vfk7D2Nq8L523cjTbdkjXZxc2Fxx\/L\/pula%20pratic-4-L.jpg\" alt=\"Det romerske amfiteater i Pula\"\/><figcaption class=\"wp-element-caption\">Det romerske amfiteater i Pula<\/figcaption><\/figure>\n\n<h2 class=\"wp-block-heading\">St\u00f8rrelse og rejsetid<\/h2>\n\n<p>Istrien er en kompakt halv\u00f8. Afstandene er korte, og vejene er velholdte, is\u00e6r p\u00e5 vestkysten. Motorvejen Istarski Ipsilon (Y-formet) forbinder hurtigt de st\u00f8rste byer. Vi synes, det var behageligt at k\u00f8re, ogs\u00e5 p\u00e5 de sm\u00e5 veje inde i landet, selv om de nogle gange er snoede.   <\/p>\n\n<p>Fra Pula i syd til Umag i nordvest skal man regne med ca. 1 times k\u00f8rsel p\u00e5 motorvejen. Fra Pula til Labin p\u00e5 \u00f8stkysten skal man regne med ca. 45 minutter. Her er nogle vejledende k\u00f8retider:  <\/p>\n\n<ul class=\"wp-block-list\">\n<li>Pula &#8211; Rovinj: ca. 40 minutter<\/li>\n\n\n\n<li>Rovinj &#8211; Pore\u010d: ca. 45min<\/li>\n\n\n\n<li>Pore\u010d &#8211; Umag: ca. 45min<\/li>\n\n\n\n<li>Rovinj &#8211; Motovun (inde i landet): ca. 40 minutter<\/li>\n\n\n\n<li>Pula &#8211; Umag (komplet nord-syd): ca. 1 time<\/li>\n<\/ul>\n\n<p>Istrien er derfor let at udforske fra en enkelt base. Hvis du vil holde den daglige pendling p\u00e5 et minimum, er Rovinj eller Pore\u010d gode centrale baser. Vi anbefaler dog, at du flytter din indkvartering, hvis du planl\u00e6gger at tilbringe flere dage inde i landet, da bjergvejene g\u00f8r rejsen lidt l\u00e6ngere.  <\/p>\n\n<figure class=\"wp-block-image size-full\"><img decoding=\"async\" src=\"https:\/\/croatialovers.com\/wp-content\/uploads\/2026\/04\/kort-koretid-Istrien.jpg\" alt=\"Istrien rejsetid kort\" class=\"wp-image-3272\"\/><figcaption class=\"wp-element-caption\">Kort: k\u00f8retider i Istrien<\/figcaption><\/figure>\n\n<div style=\"margin-top:8%;margin-bottom:8%\" class=\"wp-block-genesis-blocks-gb-container box gb-block-container\"><div class=\"gb-container-inside\"><div class=\"gb-container-content\">\n<div class=\"wp-block-columns inverse box_planif is-layout-flex wp-container-core-columns-is-layout-9d6595d7 wp-block-columns-is-layout-flex\">\n<div class=\"wp-block-column texte_planif is-layout-flow wp-block-column-is-layout-flow\" style=\"flex-basis:58%\">\n<h5 class=\"titre_box\">VORES R\u00c5D TIL LEJNING AF BIL P\u00c5 <span class=\"titre_box_manuscrit\">\nKroatien<\/span><\/h5>\n\n\n\n<ul style=\"font-size:14px\" class=\"wp-block-list liste_voiture\">\n<li>Sammenlign priser p\u00e5 vores foretrukne platform: <a href=\"https:\/\/www.discovercars.com\/dk\/croatia?a_aid=zigzag&amp;chan=croatia\" target=\"_blank\" rel=\"noreferrer noopener sponsored nofollow\">DiscoverCars<\/a> &#8211; en af de bedst bed\u00f8mte sider.<\/li>\n\n\n\n<li>V\u00e6lg en <strong>bil, der er kraftig nok <\/strong>(vejene er stejle), men <strong>kompakt<\/strong> nok (nogle passager er smalle).<\/li>\n\n\n\n<li>Der er stor eftersp\u00f8rgsel, s\u00e5 <strong>book i god tid<\/strong>.<\/li>\n<\/ul>\n<\/div>\n\n\n\n<div class=\"wp-block-column planif-radius-3 is-layout-flow wp-block-column-is-layout-flow\" style=\"flex-basis:42%\">\n<figure class=\"wp-block-image size-large is-resized\"><img decoding=\"async\" src=\"https:\/\/photos.smugmug.com\/Croatia\/Paklenica\/Rando-entr&#xE9;e-1\/i-Tzg4V6J\/0\/KXmXjZbtGwDbJrgcqktnpnrkcSSch3cnNBDJHcqWg\/S\/paklenica%20parc%20enter%201%20and%20hike-004-S.jpg\" alt=\"bil i Kroatien\" title=\"\"\/><\/figure>\n<\/div>\n<\/div>\n\n\n\n<div class=\"wp-block-columns planif_bouton is-layout-flex wp-container-core-columns-is-layout-9d6595d7 wp-block-columns-is-layout-flex\">\n<div class=\"wp-block-column is-layout-flow wp-block-column-is-layout-flow\" style=\"flex-basis:50%\">\n<div class=\"wp-block-buttons is-content-justification-center is-layout-flex wp-container-core-buttons-is-layout-16018d1d wp-block-buttons-is-layout-flex\">\n<div class=\"wp-block-button\"><a class=\"wp-block-button__link has-white-color has-text-color has-custom-font-size wp-element-button\" href=\"https:\/\/www.discovercars.com\/dk\/croatia?a_aid=zigzag&amp;chan=croatia\" style=\"border-radius:4px;font-size:14px\" target=\"_blank\" rel=\"noreferrer noopener nofollow\">Se bilerne<img decoding=\"async\" class=\"wp-image-2851\" style=\"width: 16px;\" src=\"https:\/\/provencelovers.fr\/wp-content\/uploads\/2023\/08\/ArrowRight.webp\" alt=\"\"\/><\/a><\/div>\n<\/div>\n<\/div>\n\n\n\n<div class=\"wp-block-column is-vertically-aligned-center is-layout-flow wp-block-column-is-layout-flow\" style=\"flex-basis:50%\">\n<p class=\"has-text-align-center\" style=\"font-size:14px\"><strong>Se vores r\u00e5d<\/strong> (kommer snart)<\/p>\n<\/div>\n<\/div>\n<\/div><\/div><\/div>\n\n<h2 class=\"wp-block-heading\">3-, 5-, 7- eller 10-dages rejseplaner<\/h2>\n\n<p>For at f\u00e5 en endnu bedre id\u00e9 om, hvad du kan se, kan du kigge p\u00e5 vores forslag til rejseplaner:<\/p>\n\n<ul class=\"wp-block-list\">\n<li>3-dages ruter i Istrien (kommer snart)<\/li>\n\n\n\n<li>5-dages rejseplaner (kommer snart)<\/li>\n\n\n\n<li>7-dages rejseplaner (kommer snart)<\/li>\n\n\n\n<li>10-dages rejseplaner (kommer snart)<\/li>\n<\/ul>\n\n<h2 class=\"wp-block-heading\">Kriterier for at beslutte, hvor l\u00e6nge man skal v\u00e6re i Istrien<\/h2>\n\n<h3 class=\"wp-block-heading\">Budget<\/h3>\n\n<p>Find ud af, hvor meget du har r\u00e5d til i alt, s\u00e5 du ved, hvor mange dage du kan blive. Kroatien har brugt euroen siden januar 2023, hvilket forenkler budgetstyringen for europ\u00e6iske rejsende.<\/p>\n\n<p>Istrien er en af de mest popul\u00e6re turistregioner i Kroatien. I h\u00f8js\u00e6sonen (juli-august) stiger priserne p\u00e5 overnatninger og restauranter markant, is\u00e6r p\u00e5 vestkysten omkring Rovinj og Pore\u010d. Det indre af landet forbliver mere overkommeligt hele \u00e5ret. Vi har fundet ud af, at priserne i maj-juni og september er betydeligt mildere, mens de stadig nyder godt af et gunstigt klima.   <\/p>\n\n<ul class=\"wp-block-list\">\n<li>F\u00e5 mere at vide om biludlejning i Kroatien (kommer snart)<\/li>\n\n\n\n<li>Se vores artikel om, hvor man kan bo i Istrien, for priser (kommer snart).<\/li>\n<\/ul>\n\n<p>Priserne varierer enormt mellem private lejligheder, agriturismo inde i landet, hoteller ved havet og luksusvillaer. S\u00e5 vi kan ikke give dig en n\u00f8jagtig pris; sl\u00e5 op p\u00e5 priserne for din type indkvartering. <\/p>\n\n<figure class=\"wp-block-image size-large\"><img decoding=\"async\" src=\"https:\/\/photos.smugmug.com\/Croatia\/Istria\/Porec\/Hotelvilamarriviera\/i-r2M9xkV\/0\/LLMFHtWj9TsbZL2tjtMMqKRPnhXv2vCW2WRMrBdrd\/L\/hotel_vilamar_riviera_porec-L.jpg\" alt=\"Overnatning i Istrien: Hotel Vilamar i Porec\"\/><\/figure>\n\n<h3 class=\"wp-block-heading\">Dine \u00f8nsker, interesser og m\u00e5l<\/h3>\n\n<p>Tilbringer du tid p\u00e5 stranden? Smage p\u00e5 tr\u00f8fler og vin? Bes\u00f8ge romerske og middelalderlige steder?  Dine \u00f8nsker har indflydelse p\u00e5 den tid, du har brug for til at nyde destinationen. For eksempel kr\u00e6ver en gastronomisk fordybelse i baglandet mindst 2 dage mere end en ren badeferie.<\/p>\n\n<p>Istrien har masser at byde p\u00e5, og vi blev overraskede over rigdommen i de indre omr\u00e5der. Her er, hvad du kan finde: <\/p>\n\n<ul class=\"wp-block-list\">\n<li><strong>Antal kulturhistoriske steder: h\u00f8jt <\/strong><br\/>(romersk amfiteater i Pula, UNESCO-listede Euphrasian Basilica i Pore\u010d, romerske templer, middelalderkirker, freskomalerier)<\/li>\n\n\n\n<li><strong>Antal landsbyer med karakter: h\u00f8j<\/strong><br\/>is\u00e6r landsbyerne p\u00e5 bakketoppene i det indre af landet (Motovun, Gro\u017enjan, Hum, Oprtalj, Bale, Vodnjan).<\/li>\n\n\n\n<li><strong>Antal smukke strande og bugter: moderat <\/strong><br\/>(strandene er ofte klippefyldte eller med sm\u00e5sten; bugterne ved Cap Kamenjak og strandene ved Rabac er blandt de mest popul\u00e6re)<\/li>\n<\/ul>\n\n<figure class=\"wp-block-image size-large\"><img decoding=\"async\" src=\"https:\/\/photos.smugmug.com\/Croatia\/Istria\/Brijuni\/Saluga-Beach\/i-kgjSnDV\/0\/LxhKMDXtk8vzxjG5nVcPX2kV3DN3jWpnXbWd8nZX7\/L\/Saluga_Beach-L.jpg\" alt=\"Strand i Brijuni\"\/><\/figure>\n\n<ul class=\"wp-block-list\">\n<li><strong>Antal b\u00e5dture: moderat <\/strong><br\/>(tur p\u00e5 Lim-kanalen, tur til Brijuni-\u00f8erne, ture fra Rovinj eller Pore\u010d)<\/li>\n\n\n\n<li><strong>Vandrem\u00e6ngde: moderat <\/strong><br\/>(stier i U\u010dka-naturparken, kystvandringer, stier i baglandet)<\/li>\n\n\n\n<li><strong>Gastronomi- og vinturisme: h\u00f8j <\/strong><br\/>(tr\u00f8ffelruter omkring Motovun og Livade, istriske Malvasia-ving\u00e5rde, prisbel\u00f8nnet olivenolie, gourmetrestauranter)<\/li>\n<\/ul>\n\n<p>En af de gode ting ved Istrien er, hvor nemt det er at skifte mellem stranden om morgenen og et bes\u00f8g i en landsby p\u00e5 en bakketop om eftermiddagen, takket v\u00e6re de korte afstande. Vi satte stor pris p\u00e5 denne fleksibilitet i hverdagen. <\/p>\n\n<figure class=\"wp-block-image size-large\"><img decoding=\"async\" src=\"https:\/\/photos.smugmug.com\/Croatia\/MOTOVUN\/i-MF4ZFMV\/1\/MfRT58Vp3Cc47bdJcP6H5fw3NgnSLF6SSDPPzLbsm\/L\/village%20motovun%20croatie-003-L.jpg\" alt=\"Landsbyen Motovun i Istrien\"\/><figcaption class=\"wp-element-caption\">Motovun<\/figcaption><\/figure>\n\n<h3 class=\"wp-block-heading\">Visum<\/h3>\n\n<p>Kroatien har v\u00e6ret en del af EU og Schengen-omr\u00e5det siden 1. januar 2023. Hvis dit pas er uden for Schengen-omr\u00e5det, giver det traditionelle turistvisum dig tilladelse til at rejse inden for omr\u00e5det, herunder Kroatien og dermed Istrien, i h\u00f8jst 90 sammenh\u00e6ngende dage. Glem ikke at <a href=\"https:\/\/travel-europe.europa.eu\/en\/etias\" target=\"_blank\" rel=\"noreferrer noopener\">ans\u00f8ge om dit ETIAS<\/a> online, f\u00f8r du rejser.<br\/>Hvis du er fra EU, beh\u00f8ver du ikke at g\u00f8re noget som helst!  <\/p>\n\n<h3 class=\"wp-block-heading\">Personlige omst\u00e6ndigheder<\/h3>\n\n<p>Tag hensyn til din egen tidsplan, is\u00e6r dine professionelle forpligtelser og personlige ansvarsomr\u00e5der. Det vil hj\u00e6lpe dig til at lave et realistisk sk\u00f8n over den tid, du kan afs\u00e6tte til rejsen. <\/p>\n\n<p>Hvis du rejser med familien, egner Istrien sig godt til ferie med b\u00f8rn. De korte afstande betyder, at man ikke beh\u00f8ver at k\u00f8re langt, og de fleste kystbyer har b\u00f8rnevenlige faciliteter som f.eks. veludstyrede strande og familierestauranter. Vi har bem\u00e6rket, at familier ofte bor i private lejligheder, hvilket er en udbredt og praktisk mulighed i regionen.  <\/p>\n\n<figure class=\"wp-block-image size-large\"><img decoding=\"async\" src=\"https:\/\/photos.smugmug.com\/Croatia\/Istrie-Best-of\/i-WmKbHnD\/0\/NdddCj4rd9sf3VN5QPMjS5xxXhXsDDRv9nDVTjC74\/L\/istrie%20-%20landscapes-2-L.jpg\" alt=\"familiebadning\"\/><\/figure>\n\n<h3 class=\"wp-block-heading\">Vejr, forhold, \u00e5rstider<\/h3>\n\n<p>S\u00e6sonen har direkte indflydelse p\u00e5 oplevelsen p\u00e5 stedet og dermed p\u00e5 antallet af dage, der er n\u00f8dvendige for at nyde den.<\/p>\n\n<p><strong>Maj-juni og september-oktober:<\/strong> Det er de perioder, vi anbefaler. Temperaturerne er behagelige (20 til 28 \u00b0C), havet er tilg\u00e6ngeligt fra juni til oktober, sev\u00e6rdighederne er mindre overfyldte, og priserne er lavere. Det er ogs\u00e5 s\u00e6son for hvide tr\u00f8fler (efter\u00e5r) og gastronomiske festivaler.  <\/p>\n\n<p><strong>Juli-august:<\/strong> H\u00f8js\u00e6son for turister. Temperaturen er ofte over 30\u00b0C, strande og kystbyer er overfyldte, og priserne er skyh\u00f8je. Hvis du kommer p\u00e5 denne tid af \u00e5ret, anbefaler vi, at du tilbringer mere tid inde i landet, hvor menneskem\u00e6ngden er rimelig, og de k\u00f8lige bakker giver et velkomment pusterum.  <\/p>\n\n<p><strong>November-april:<\/strong> lavs\u00e6son. Mange restauranter og hoteller lukker ved kysten. Indlandet er stadig livligt, is\u00e6r omkring tr\u00f8ffels\u00e6sonen (november-januar). Hvis du kommer uden for s\u00e6sonen, er 3 til 5 dage normalt nok, da der kun er f\u00e5 badebyer at v\u00e6lge imellem.   <\/p>\n\n<figure class=\"wp-block-image size-large\"><img decoding=\"async\" src=\"https:\/\/photos.smugmug.com\/Croatia\/Istrie-Best-of\/i-qHDkw54\/0\/KNNqbNBvHrHVmcbbD4Znh53D265QsPpMJbSVqRbKL\/L\/istrie%20-%20boat-2-L.jpg\" alt=\"B&#xE5;dtur\"\/><\/figure>\n\n<h2 class=\"wp-block-heading\">Ofte stillede sp\u00f8rgsm\u00e5l<\/h2>\n\n<h3 class=\"wp-block-heading\">Er 3 dage nok i Istrien?<\/h3>\n\n<p>Med 3 dage kan du f\u00e5 et godt overblik over vestkysten: Rovinj, Pula og Pore\u010d. Du bliver dog n\u00f8dt til at tr\u00e6ffe nogle valg og give afkald p\u00e5 omr\u00e5derne inde i landet. Dette er en ferie, der egner sig til en forl\u00e6nget weekend eller som et stop p\u00e5 en st\u00f8rre rundrejse i Kroatien.  <\/p>\n\n<h3 class=\"wp-block-heading\">Er 5 dage nok i Istrien?<\/h3>\n\n<p>Med 5 dage kan du n\u00e5 de vigtigste kystbyer og afs\u00e6tte en dag til baglandet (Motovun, tr\u00f8ffelruten). Vi synes, det er et godt kompromis, hvis du har en stram tidsplan, men du vil ikke kunne udforske alt i dybden. <\/p>\n\n<h3 class=\"wp-block-heading\">Er 7 dage for lang tid i Istrien?<\/h3>\n\n<p>Nej, 7 dage er ikke for lang tid. Det er det rigtige tempo til at bes\u00f8ge kystbyerne, tilbringe tid p\u00e5 stranden, opdage landsbyerne inde i landet og nyde den lokale gastronomi. Vi synes, det er den ideelle l\u00e6ngde for dem, der gerne vil kombinere sightseeing og afslapning uden at skynde sig. <\/p>\n\n<h3 class=\"wp-block-heading\">Er 10 dage for lang tid i Istrien?<\/h3>\n\n<p>Nej. Med 10 dage kan du udforske regionen i dybden: udflugt til Brijuni-\u00f8erne, vandreture i U\u010dka-naturparken, en dag p\u00e5 \u00f8stkysten (Rabac, Labin), vin- og tr\u00f8ffelsmagning og strandferie ved Kap Kamenjak. Det er ogs\u00e5 en god m\u00e5de at kombinere Istrien med en dag eller to i nabolandet Slovenien (Piran, Postojna-grotterne) eller Trieste i Italien. <\/p>\n\n<div class=\"wp-block-genesis-blocks-gb-container box_auteur_voyage gb-block-container\"><div class=\"gb-container-inside\"><div class=\"gb-container-content\">\n<figure class=\"wp-block-image size-large img_auteur_voyage img_provisoire\"><a href=\"https:\/\/normandielovers.fr\/morgane-mazelier\/\" target=\"_blank\" rel=\"noreferrer noopener\"><img decoding=\"async\" src=\"https:\/\/photos.smugmug.com\/Region-Lovers\/Equipe\/i-kx84ZJX\/0\/FgG3Lb9Xx2HBStC6R3PNXZZNj2Vvkx9vZBxQFL7NJ\/L\/morgane-L.jpg\" alt=\"\"\/><\/a><\/figure>\n\n\n\n<h5 class=\"titre_auteur_voyage\"><span>HUN TOG TUREN \n <\/span><span class=\"titre_box_manuscrit\">Morgane<\/span><\/h5>\n<\/div><\/div><\/div>\n\n<div class=\"wp-block-genesis-blocks-gb-container box_auteur_voyage gb-block-container\"><div class=\"gb-container-inside\"><div class=\"gb-container-content\">\n<figure class=\"wp-block-image size-large img_auteur_voyage img_provisoire\"><a href=\"https:\/\/normandielovers.fr\/claire-robinson\/\" target=\"_blank\" rel=\"noreferrer noopener\"><img decoding=\"async\" src=\"https:\/\/photos.smugmug.com\/Region-Lovers\/Equipe\/i-nsNF6C6\/0\/Cs2F5n96pkt9xFD9D3SVqmQspMhrKgN75nHgBqmjG\/L\/Claire-L.png\" alt=\"\"\/><\/a><\/figure>\n\n\n\n<h5 class=\"titre_auteur_voyage\"><span>HUN SKREV ARTIKLEN\n <\/span><span class=\"titre_box_manuscrit\">Claire<\/span><\/h5>\n<\/div><\/div><\/div>\n","protected":false},"excerpt":{"rendered":"<p>Har du lyst til at komme v\u00e6k i flere dage for at opleve det bedste af denne kroatiske halv\u00f8?Her er vores r\u00e5d til, hvordan du v\u00e6lger det antal dage, du vil tilbringe i Istrien. Hvor mange dage i Istrien: hurtige svar Der er ikke noget universelt svar p\u00e5 dette sp\u00f8rgsm\u00e5l. Det afh\u00e6nger af en r\u00e6kke [&hellip;]<\/p>\n","protected":false},"author":2,"featured_media":3264,"comment_status":"closed","ping_status":"closed","sticky":false,"template":"","format":"standard","meta":{"_genesis_hide_title":false,"_genesis_hide_breadcrumbs":false,"_genesis_hide_singular_image":false,"_genesis_hide_footer_widgets":false,"_genesis_custom_body_class":"","_genesis_custom_post_class":"","_genesis_layout":"","footnotes":""},"categories":[104],"tags":[],"class_list":{"0":"post-3286","1":"post","2":"type-post","3":"status-publish","4":"format-standard","5":"has-post-thumbnail","7":"category-istrien","8":"entry"},"yoast_head":"<!-- This site is optimized with the Yoast SEO plugin v27.2 - https:\/\/yoast.com\/product\/yoast-seo-wordpress\/ -->\n<title>Hvor mange dage i Istrien? - Croatia Lovers<\/title>\n<meta name=\"description\" content=\"Alle vores tips til at beslutte, hvor lang tid du vil tilbringe i Istrien: kriterier, minimum antal dage, rejseplaner\" \/>\n<meta name=\"robots\" content=\"index, follow, max-snippet:-1, max-image-preview:large, max-video-preview:-1\" \/>\n<link rel=\"canonical\" href=\"https:\/\/croatialovers.com\/da\/hvor-mange-dage-istrien\/\" \/>\n<meta property=\"og:locale\" content=\"da_DK\" \/>\n<meta property=\"og:type\" content=\"article\" \/>\n<meta property=\"og:title\" content=\"Hvor mange dage i Istrien? - Croatia Lovers\" \/>\n<meta property=\"og:description\" content=\"Alle vores tips til at beslutte, hvor lang tid du vil tilbringe i Istrien: kriterier, minimum antal dage, rejseplaner\" \/>\n<meta property=\"og:url\" content=\"https:\/\/croatialovers.com\/da\/hvor-mange-dage-istrien\/\" \/>\n<meta property=\"og:site_name\" content=\"Croatia Lovers\" \/>\n<meta property=\"article:published_time\" content=\"2026-04-29T09:04:34+00:00\" \/>\n<meta property=\"article:modified_time\" content=\"2026-04-29T10:57:37+00:00\" \/>\n<meta property=\"og:image\" content=\"https:\/\/croatialovers.com\/wp-content\/uploads\/2026\/04\/Hvor-mange-dage-Istrien.jpg\" \/>\n\t<meta property=\"og:image:width\" content=\"800\" \/>\n\t<meta property=\"og:image:height\" content=\"600\" \/>\n\t<meta property=\"og:image:type\" content=\"image\/jpeg\" \/>\n<meta name=\"author\" content=\"Claire\" \/>\n<meta name=\"twitter:card\" content=\"summary_large_image\" \/>\n<meta name=\"twitter:label1\" content=\"Written by\" \/>\n\t<meta name=\"twitter:data1\" content=\"Claire\" \/>\n\t<meta name=\"twitter:label2\" content=\"Est. reading time\" \/>\n\t<meta name=\"twitter:data2\" content=\"7 minutter\" \/>\n<script type=\"application\/ld+json\" class=\"yoast-schema-graph\">{\"@context\":\"https:\/\/schema.org\",\"@graph\":[{\"@type\":\"Article\",\"@id\":\"https:\/\/croatialovers.com\/da\/hvor-mange-dage-istrien\/#article\",\"isPartOf\":{\"@id\":\"https:\/\/croatialovers.com\/da\/hvor-mange-dage-istrien\/\"},\"author\":{\"name\":\"Claire\",\"@id\":\"https:\/\/croatialovers.com\/da\/#\/schema\/person\/45858a7b241e57416d6daba143117890\"},\"headline\":\"Hvor mange dage i Istrien?\",\"datePublished\":\"2026-04-29T09:04:34+00:00\",\"dateModified\":\"2026-04-29T10:57:37+00:00\",\"mainEntityOfPage\":{\"@id\":\"https:\/\/croatialovers.com\/da\/hvor-mange-dage-istrien\/\"},\"wordCount\":1492,\"publisher\":{\"@id\":\"https:\/\/croatialovers.com\/da\/#organization\"},\"image\":{\"@id\":\"https:\/\/croatialovers.com\/da\/hvor-mange-dage-istrien\/#primaryimage\"},\"thumbnailUrl\":\"https:\/\/croatialovers.com\/wp-content\/uploads\/2026\/04\/Hvor-mange-dage-Istrien.jpg\",\"articleSection\":[\"Istrien\"],\"inLanguage\":\"da-DK\"},{\"@type\":\"WebPage\",\"@id\":\"https:\/\/croatialovers.com\/da\/hvor-mange-dage-istrien\/\",\"url\":\"https:\/\/croatialovers.com\/da\/hvor-mange-dage-istrien\/\",\"name\":\"Hvor mange dage i Istrien? - Croatia Lovers\",\"isPartOf\":{\"@id\":\"https:\/\/croatialovers.com\/da\/#website\"},\"primaryImageOfPage\":{\"@id\":\"https:\/\/croatialovers.com\/da\/hvor-mange-dage-istrien\/#primaryimage\"},\"image\":{\"@id\":\"https:\/\/croatialovers.com\/da\/hvor-mange-dage-istrien\/#primaryimage\"},\"thumbnailUrl\":\"https:\/\/croatialovers.com\/wp-content\/uploads\/2026\/04\/Hvor-mange-dage-Istrien.jpg\",\"datePublished\":\"2026-04-29T09:04:34+00:00\",\"dateModified\":\"2026-04-29T10:57:37+00:00\",\"description\":\"Alle vores tips til at beslutte, hvor lang tid du vil tilbringe i Istrien: kriterier, minimum antal dage, rejseplaner\",\"breadcrumb\":{\"@id\":\"https:\/\/croatialovers.com\/da\/hvor-mange-dage-istrien\/#breadcrumb\"},\"inLanguage\":\"da-DK\",\"potentialAction\":[{\"@type\":\"ReadAction\",\"target\":[\"https:\/\/croatialovers.com\/da\/hvor-mange-dage-istrien\/\"]}]},{\"@type\":\"ImageObject\",\"inLanguage\":\"da-DK\",\"@id\":\"https:\/\/croatialovers.com\/da\/hvor-mange-dage-istrien\/#primaryimage\",\"url\":\"https:\/\/croatialovers.com\/wp-content\/uploads\/2026\/04\/Hvor-mange-dage-Istrien.jpg\",\"contentUrl\":\"https:\/\/croatialovers.com\/wp-content\/uploads\/2026\/04\/Hvor-mange-dage-Istrien.jpg\",\"width\":800,\"height\":600,\"caption\":\"Hvor mange dages Istrien-tid\"},{\"@type\":\"BreadcrumbList\",\"@id\":\"https:\/\/croatialovers.com\/da\/hvor-mange-dage-istrien\/#breadcrumb\",\"itemListElement\":[{\"@type\":\"ListItem\",\"position\":1,\"name\":\"Hjem\",\"item\":\"https:\/\/croatialovers.com\/da\/\"},{\"@type\":\"ListItem\",\"position\":2,\"name\":\"Istrien\",\"item\":\"https:\/\/croatialovers.com\/da\/category\/istrien\/\"},{\"@type\":\"ListItem\",\"position\":3,\"name\":\"Hvor mange dage i Istrien?\"}]},{\"@type\":\"WebSite\",\"@id\":\"https:\/\/croatialovers.com\/da\/#website\",\"url\":\"https:\/\/croatialovers.com\/da\/\",\"name\":\"Croatia Lovers\",\"description\":\"Pour r\u00e9veiller vos sens en Croatie - Le blog de Claire et Manu\",\"publisher\":{\"@id\":\"https:\/\/croatialovers.com\/da\/#organization\"},\"potentialAction\":[{\"@type\":\"SearchAction\",\"target\":{\"@type\":\"EntryPoint\",\"urlTemplate\":\"https:\/\/croatialovers.com\/da\/?s={search_term_string}\"},\"query-input\":{\"@type\":\"PropertyValueSpecification\",\"valueRequired\":true,\"valueName\":\"search_term_string\"}}],\"inLanguage\":\"da-DK\"},{\"@type\":\"Organization\",\"@id\":\"https:\/\/croatialovers.com\/da\/#organization\",\"name\":\"Croatia Lovers\",\"url\":\"https:\/\/croatialovers.com\/da\/\",\"logo\":{\"@type\":\"ImageObject\",\"inLanguage\":\"da-DK\",\"@id\":\"https:\/\/croatialovers.com\/da\/#\/schema\/logo\/image\/\",\"url\":\"https:\/\/croatialovers.com\/wp-content\/uploads\/2025\/07\/cropped-Croatia-Lovers-Logo-principal_bicolore.bicolore.png\",\"contentUrl\":\"https:\/\/croatialovers.com\/wp-content\/uploads\/2025\/07\/cropped-Croatia-Lovers-Logo-principal_bicolore.bicolore.png\",\"width\":2350,\"height\":401,\"caption\":\"Croatia Lovers\"},\"image\":{\"@id\":\"https:\/\/croatialovers.com\/da\/#\/schema\/logo\/image\/\"}},{\"@type\":\"Person\",\"@id\":\"https:\/\/croatialovers.com\/da\/#\/schema\/person\/45858a7b241e57416d6daba143117890\",\"name\":\"Claire\",\"image\":{\"@type\":\"ImageObject\",\"inLanguage\":\"da-DK\",\"@id\":\"https:\/\/secure.gravatar.com\/avatar\/e3566233826c32de8d7c9ef726a1087654b12cadb092acc17ee1d357687192ff?s=96&d=mm&r=g\",\"url\":\"https:\/\/secure.gravatar.com\/avatar\/e3566233826c32de8d7c9ef726a1087654b12cadb092acc17ee1d357687192ff?s=96&d=mm&r=g\",\"contentUrl\":\"https:\/\/secure.gravatar.com\/avatar\/e3566233826c32de8d7c9ef726a1087654b12cadb092acc17ee1d357687192ff?s=96&d=mm&r=g\",\"caption\":\"Claire\"},\"url\":\"https:\/\/croatialovers.com\/da\/author\/claireregionlovers-fr\/\"}]}<\/script>\n<!-- \/ Yoast SEO plugin. -->","yoast_head_json":{"title":"Hvor mange dage i Istrien? - Croatia Lovers","description":"Alle vores tips til at beslutte, hvor lang tid du vil tilbringe i Istrien: kriterier, minimum antal dage, rejseplaner","robots":{"index":"index","follow":"follow","max-snippet":"max-snippet:-1","max-image-preview":"max-image-preview:large","max-video-preview":"max-video-preview:-1"},"canonical":"https:\/\/croatialovers.com\/da\/hvor-mange-dage-istrien\/","og_locale":"da_DK","og_type":"article","og_title":"Hvor mange dage i Istrien? - Croatia Lovers","og_description":"Alle vores tips til at beslutte, hvor lang tid du vil tilbringe i Istrien: kriterier, minimum antal dage, rejseplaner","og_url":"https:\/\/croatialovers.com\/da\/hvor-mange-dage-istrien\/","og_site_name":"Croatia Lovers","article_published_time":"2026-04-29T09:04:34+00:00","article_modified_time":"2026-04-29T10:57:37+00:00","og_image":[{"width":800,"height":600,"url":"https:\/\/croatialovers.com\/wp-content\/uploads\/2026\/04\/Hvor-mange-dage-Istrien.jpg","type":"image\/jpeg"}],"author":"Claire","twitter_card":"summary_large_image","twitter_misc":{"Written by":"Claire","Est. reading time":"7 minutter"},"schema":{"@context":"https:\/\/schema.org","@graph":[{"@type":"Article","@id":"https:\/\/croatialovers.com\/da\/hvor-mange-dage-istrien\/#article","isPartOf":{"@id":"https:\/\/croatialovers.com\/da\/hvor-mange-dage-istrien\/"},"author":{"name":"Claire","@id":"https:\/\/croatialovers.com\/da\/#\/schema\/person\/45858a7b241e57416d6daba143117890"},"headline":"Hvor mange dage i Istrien?","datePublished":"2026-04-29T09:04:34+00:00","dateModified":"2026-04-29T10:57:37+00:00","mainEntityOfPage":{"@id":"https:\/\/croatialovers.com\/da\/hvor-mange-dage-istrien\/"},"wordCount":1492,"publisher":{"@id":"https:\/\/croatialovers.com\/da\/#organization"},"image":{"@id":"https:\/\/croatialovers.com\/da\/hvor-mange-dage-istrien\/#primaryimage"},"thumbnailUrl":"https:\/\/croatialovers.com\/wp-content\/uploads\/2026\/04\/Hvor-mange-dage-Istrien.jpg","articleSection":["Istrien"],"inLanguage":"da-DK"},{"@type":"WebPage","@id":"https:\/\/croatialovers.com\/da\/hvor-mange-dage-istrien\/","url":"https:\/\/croatialovers.com\/da\/hvor-mange-dage-istrien\/","name":"Hvor mange dage i Istrien? - Croatia Lovers","isPartOf":{"@id":"https:\/\/croatialovers.com\/da\/#website"},"primaryImageOfPage":{"@id":"https:\/\/croatialovers.com\/da\/hvor-mange-dage-istrien\/#primaryimage"},"image":{"@id":"https:\/\/croatialovers.com\/da\/hvor-mange-dage-istrien\/#primaryimage"},"thumbnailUrl":"https:\/\/croatialovers.com\/wp-content\/uploads\/2026\/04\/Hvor-mange-dage-Istrien.jpg","datePublished":"2026-04-29T09:04:34+00:00","dateModified":"2026-04-29T10:57:37+00:00","description":"Alle vores tips til at beslutte, hvor lang tid du vil tilbringe i Istrien: kriterier, minimum antal dage, rejseplaner","breadcrumb":{"@id":"https:\/\/croatialovers.com\/da\/hvor-mange-dage-istrien\/#breadcrumb"},"inLanguage":"da-DK","potentialAction":[{"@type":"ReadAction","target":["https:\/\/croatialovers.com\/da\/hvor-mange-dage-istrien\/"]}]},{"@type":"ImageObject","inLanguage":"da-DK","@id":"https:\/\/croatialovers.com\/da\/hvor-mange-dage-istrien\/#primaryimage","url":"https:\/\/croatialovers.com\/wp-content\/uploads\/2026\/04\/Hvor-mange-dage-Istrien.jpg","contentUrl":"https:\/\/croatialovers.com\/wp-content\/uploads\/2026\/04\/Hvor-mange-dage-Istrien.jpg","width":800,"height":600,"caption":"Hvor mange dages Istrien-tid"},{"@type":"BreadcrumbList","@id":"https:\/\/croatialovers.com\/da\/hvor-mange-dage-istrien\/#breadcrumb","itemListElement":[{"@type":"ListItem","position":1,"name":"Hjem","item":"https:\/\/croatialovers.com\/da\/"},{"@type":"ListItem","position":2,"name":"Istrien","item":"https:\/\/croatialovers.com\/da\/category\/istrien\/"},{"@type":"ListItem","position":3,"name":"Hvor mange dage i Istrien?"}]},{"@type":"WebSite","@id":"https:\/\/croatialovers.com\/da\/#website","url":"https:\/\/croatialovers.com\/da\/","name":"Croatia Lovers","description":"Pour r\u00e9veiller vos sens en Croatie - Le blog de Claire et Manu","publisher":{"@id":"https:\/\/croatialovers.com\/da\/#organization"},"potentialAction":[{"@type":"SearchAction","target":{"@type":"EntryPoint","urlTemplate":"https:\/\/croatialovers.com\/da\/?s={search_term_string}"},"query-input":{"@type":"PropertyValueSpecification","valueRequired":true,"valueName":"search_term_string"}}],"inLanguage":"da-DK"},{"@type":"Organization","@id":"https:\/\/croatialovers.com\/da\/#organization","name":"Croatia Lovers","url":"https:\/\/croatialovers.com\/da\/","logo":{"@type":"ImageObject","inLanguage":"da-DK","@id":"https:\/\/croatialovers.com\/da\/#\/schema\/logo\/image\/","url":"https:\/\/croatialovers.com\/wp-content\/uploads\/2025\/07\/cropped-Croatia-Lovers-Logo-principal_bicolore.bicolore.png","contentUrl":"https:\/\/croatialovers.com\/wp-content\/uploads\/2025\/07\/cropped-Croatia-Lovers-Logo-principal_bicolore.bicolore.png","width":2350,"height":401,"caption":"Croatia Lovers"},"image":{"@id":"https:\/\/croatialovers.com\/da\/#\/schema\/logo\/image\/"}},{"@type":"Person","@id":"https:\/\/croatialovers.com\/da\/#\/schema\/person\/45858a7b241e57416d6daba143117890","name":"Claire","image":{"@type":"ImageObject","inLanguage":"da-DK","@id":"https:\/\/secure.gravatar.com\/avatar\/e3566233826c32de8d7c9ef726a1087654b12cadb092acc17ee1d357687192ff?s=96&d=mm&r=g","url":"https:\/\/secure.gravatar.com\/avatar\/e3566233826c32de8d7c9ef726a1087654b12cadb092acc17ee1d357687192ff?s=96&d=mm&r=g","contentUrl":"https:\/\/secure.gravatar.com\/avatar\/e3566233826c32de8d7c9ef726a1087654b12cadb092acc17ee1d357687192ff?s=96&d=mm&r=g","caption":"Claire"},"url":"https:\/\/croatialovers.com\/da\/author\/claireregionlovers-fr\/"}]}},"featured_image_src":"https:\/\/croatialovers.com\/wp-content\/uploads\/2026\/04\/Hvor-mange-dage-Istrien-600x400.jpg","featured_image_src_square":"https:\/\/croatialovers.com\/wp-content\/uploads\/2026\/04\/Hvor-mange-dage-Istrien-600x600.jpg","author_info":{"display_name":"Claire","author_link":"https:\/\/croatialovers.com\/da\/author\/claireregionlovers-fr\/"},"_links":{"self":[{"href":"https:\/\/croatialovers.com\/da\/wp-json\/wp\/v2\/posts\/3286","targetHints":{"allow":["GET"]}}],"collection":[{"href":"https:\/\/croatialovers.com\/da\/wp-json\/wp\/v2\/posts"}],"about":[{"href":"https:\/\/croatialovers.com\/da\/wp-json\/wp\/v2\/types\/post"}],"author":[{"embeddable":true,"href":"https:\/\/croatialovers.com\/da\/wp-json\/wp\/v2\/users\/2"}],"replies":[{"embeddable":true,"href":"https:\/\/croatialovers.com\/da\/wp-json\/wp\/v2\/comments?post=3286"}],"version-history":[{"count":0,"href":"https:\/\/croatialovers.com\/da\/wp-json\/wp\/v2\/posts\/3286\/revisions"}],"wp:featuredmedia":[{"embeddable":true,"href":"https:\/\/croatialovers.com\/da\/wp-json\/wp\/v2\/media\/3264"}],"wp:attachment":[{"href":"https:\/\/croatialovers.com\/da\/wp-json\/wp\/v2\/media?parent=3286"}],"wp:term":[{"taxonomy":"category","embeddable":true,"href":"https:\/\/croatialovers.com\/da\/wp-json\/wp\/v2\/categories?post=3286"},{"taxonomy":"post_tag","embeddable":true,"href":"https:\/\/croatialovers.com\/da\/wp-json\/wp\/v2\/tags?post=3286"}],"curies":[{"name":"wp","href":"https:\/\/api.w.org\/{rel}","templated":true}]}}